{"id":56615,"date":"2023-02-14T21:52:45","date_gmt":"2023-02-15T00:52:45","guid":{"rendered":"https:\/\/vocesparalelas.com.ar\/sitio\/?p=56615"},"modified":"2023-02-17T01:31:21","modified_gmt":"2023-02-17T04:31:21","slug":"proyectos-musicales-de-san-juan-brillan-en-la-fns-2023","status":"publish","type":"post","link":"https:\/\/vocesparalelas.com.ar\/sitio\/proyectos-musicales-de-san-juan-brillan-en-la-fns-2023\/","title":{"rendered":"Proyectos musicales de San Juan brillan en la FNS 2023"},"content":{"rendered":"<div class=\"itemFullText\">\n<p>Lleg\u00f3 la semana previa al gran espect\u00e1culo de San Juan y otro de los temas resueltos son los artistas que tienen la oportunidad de mostrarse en la FNS 2023.<\/p>\n<p>Luego de una selecci\u00f3n de propuestas musicales, el Ministerio de Turismo y Cultura del Gobierno de San Juan confirm\u00f3 la presencia de m\u00e1s de 180 proyectos musicales en alguno de los cuatro escenarios del predio como el Escenario del Sol, Escenario San Juan, Escenario Conectados y Escenario La Pe\u00f1a. Hoy, desde la Sala de Marcaci\u00f3n del Teatro del Bicentenario, se realiz\u00f3 el anuncio oficial.<\/p>\n<p>La Ministra de Turismo y Cultura, Lic. Claudia Grynszpan, presidi\u00f3 la conferencia junto a la Secretaria de Cultura, Lic. Virginia Agote; el Secretario de Turismo, Dr. Roberto Ju\u00e1rez y la Directora de la Fiesta Nacional del Sol, Arq. Andrea S\u00e1nchez.<\/p>\n<p>La Lic. Grynszpan tom\u00f3 la palabra y destac\u00f3 las producciones integrales art\u00edsticas que ser\u00e1n parte del lineup de la FNS 2023, las cuales ser\u00e1n La Cuyan\u00eda, Generaciones y Aldo Zaragoza. Las mismas estar\u00e1n en la previa de los shows de Soledad Pastorutti, Bizarrap y Babas\u00f3nicos, respectivamente.<\/p>\n<p>Adem\u00e1s, la ministra de Turismo y Cultura manifest\u00f3 su deseo de continuar apoyando los proyectos musicales locales luego de la Fiesta Nacional del Sol. \u201cVamos a trabajar en seguir apoyando estas producciones para tengan continuidad y puedan realizarse presentaciones ocupando los distintos espacios de la provincia\u201d.<\/p>\n<p>Otro de los temas sobre los que hizo referencia la funcionaria fue el orgullo que representa para la provincia las repercusiones que genera la fiesta mayor de los sanjuaninos. \u201cLa Fiesta Nacional del Sol hoy est\u00e1 ponderada a nivel nacional, siendo considerada una de las tres fiestas m\u00e1s importantes del pa\u00eds. Inclusive, tuvimos que adaptar el sistema de tickets online debido a que estamos recibiendo demanda internacional por entradas\u201d.<\/p>\n<p>Otras de las presencias a destacar ser\u00e1 la de los participantes del pre Cosquin. Tambi\u00e9n, la presentaci\u00f3n de San Juan en Cosqu\u00edn en postales de provincia denominada \u201cEl retorno, poes\u00eda de mi tierra\u201d. Adem\u00e1s, los artistas que se presentaron en Festival Nacional de Malambo de Laborde y la presentaci\u00f3n de la Noche de San Juan en el Festival Nacional de Folklore de Cosqu\u00edn.<\/p>\n<p>Por otro lado, y de la mano del proyecto Identidades, todos los departamentos har\u00e1n la presentaci\u00f3n del tema musical que previamente seleccionaron para representar a sus respectivos municipios durante toda la semana en uno de los escenarios.<\/p>\n<p>Todos los shows comienzan a las 20:30 y en los mismos hay bandas destacadas como Comicanto, el Mi\u00e9rcoles, 22 de Febrero, en el escenario La Pe\u00f1a y Ahyre, el Viernes, 24 de Febrero, en escenario La Pe\u00f1a. Mientras que, por el lado de las bandas de San Juan, se destaca la presencia de Omega, el Viernes, 24 de Febrero, en el Escenario del Sol y Donaires, el S\u00e1bado, 25 de Febrero, en Escenario del Sol.<\/p>\n<p><strong><span style=\"color: #339966;\">Programa<\/span><\/strong><\/p>\n<p><span style=\"color: #339966;\"><strong>Escenario San Juan, Martes, 21 de Febrero, a las 20:30 hs<\/strong><\/span><\/p>\n<ul>\n<li>Nico Olivieri<\/li>\n<li>Diablito Martines.<\/li>\n<li>Claudia Pir\u00e1n<\/li>\n<li>La Cuyan\u00eda<\/li>\n<li>Soledad<\/li>\n<li>Sergio Galleguillo<\/li>\n<\/ul>\n<p><span style=\"color: #339966;\"><strong>Escenario San Juan, Mi\u00e9rcoles 22 de Febrero, a las 20:30 hs<\/strong><\/span><\/p>\n<ul>\n<li>DJ Javigon<\/li>\n<li>DJ Francis Mery<\/li>\n<li>Gipsy<\/li>\n<li>DJ G\u00e9minis Roc\u00edo Sol.<\/li>\n<li>Lil Mow<\/li>\n<li>Generaciones Bizarrap<\/li>\n<\/ul>\n<p><strong><span style=\"color: #339966;\">Escenario San Juan, Jueves, 23 de Febrero, a las 20.30 hs<\/span><\/strong><\/p>\n<ul>\n<li>Leo Jorquera<\/li>\n<li>Sinton\u00eda<\/li>\n<li>Sonenf\u00e1<\/li>\n<li>Pijama<\/li>\n<li>Camilo<\/li>\n<li>Los \u00c1ngeles Azules<\/li>\n<\/ul>\n<p><strong><span style=\"color: #339966;\">Escenario San Juan,\u00a0Viernes, 24 de Febrero, a las 20:30 hs<\/span><\/strong><\/p>\n<ul>\n<li>Bhae<\/li>\n<li>King Of Banana<\/li>\n<li>Andr\u00e9s Cantos<\/li>\n<li>Sol Ulloa<\/li>\n<li>Lali<\/li>\n<li>Mar\u00eda Becerra<\/li>\n<\/ul>\n<p><span style=\"color: #ff0000;\"><strong>Escenario La Pe\u00f1a, Jueves, 23 de Febrero, a las 20:30 hs<\/strong><\/span><\/p>\n<ul>\n<li>Los Hermanos Monta\u00f1a<\/li>\n<li>Eli Dom\u00ednguez<\/li>\n<li>Folkothers<\/li>\n<li>Colectividades<\/li>\n<li>Ernesto<\/li>\n<li>Villavicencio<\/li>\n<li>Los Manrique.<\/li>\n<li>Adri\u00e1n Cuevas<\/li>\n<li>Tr\u00edo Los Barros.<\/li>\n<li>Los Chimeno<\/li>\n<li>Mara D\u00edaz<\/li>\n<li>Yasm\u00edn Sehara<\/li>\n<li>D\u00fao Herencia<\/li>\n<li>La Quimera Materia Prima<\/li>\n<\/ul>\n<\/div>\n<div class=\"itemContentFooter\">\n<p><strong><span style=\"color: #ff0000;\">Escenario La Pe\u00f1a, Viernes 24 de Febrero, a las 20:30 hs<\/span><\/strong><\/p>\n<ul>\n<li>Dar\u00edo Recabarren<\/li>\n<li>Ra\u00fal Astorga<\/li>\n<li>Miguel Delgado<\/li>\n<li>Colectividades<\/li>\n<li>Valen<\/li>\n<li>Los Lucero de J\u00e1chal<\/li>\n<li>Javier Acu\u00f1a<\/li>\n<li>Carlota De Belaustegui<\/li>\n<li>Ahyre<\/li>\n<li>\u00c1ngeles Dom\u00ednguez<\/li>\n<li>Tayte<\/li>\n<li>Tres para el Canto<\/li>\n<\/ul>\n<p><span style=\"color: #ff0000;\"><strong>Escenario La Pe\u00f1a, S\u00e1bado, 25 de Febrero, a las 20:30 hs.<\/strong><\/span><\/p>\n<ul>\n<li>Patricia Vizca\u00edno<\/li>\n<li>Diego Villegas.<\/li>\n<li>Colectividades<\/li>\n<li>La Nota<\/li>\n<li>Daniel Giovenco<\/li>\n<li>Viajeros<\/li>\n<li>Whipala<\/li>\n<li>Tremendo Tuco<\/li>\n<li>Taku<\/li>\n<li>D\u00fao Reynoso Torino<\/li>\n<li>Los Videla<\/li>\n<li>Aventureros Folk<\/li>\n<\/ul>\n<p>&nbsp;<\/p>\n<p>&nbsp;<\/p>\n<\/div>\n","protected":false},"excerpt":{"rendered":"<p>Lleg\u00f3 la semana previa al gran espect\u00e1culo de San Juan y otro de los temas resueltos son los artistas que<\/p>\n","protected":false},"author":3,"featured_media":56618,"comment_status":"closed","ping_status":"closed","sticky":false,"template":"","format":"standard","meta":{"_acf_changed":false,"_seopress_robots_primary_cat":"none","_seopress_titles_title":"","_seopress_titles_desc":"","_seopress_robots_index":"","colormag_page_container_layout":"default_layout","colormag_page_sidebar_layout":"default_layout","footnotes":""},"categories":[6],"tags":[],"class_list":["post-56615","post","type-post","status-publish","format-standard","has-post-thumbnail","hentry","category-eventos"],"acf":[],"_links":{"self":[{"href":"https:\/\/vocesparalelas.com.ar\/sitio\/wp-json\/wp\/v2\/posts\/56615","targetHints":{"allow":["GET"]}}],"collection":[{"href":"https:\/\/vocesparalelas.com.ar\/sitio\/wp-json\/wp\/v2\/posts"}],"about":[{"href":"https:\/\/vocesparalelas.com.ar\/sitio\/wp-json\/wp\/v2\/types\/post"}],"author":[{"embeddable":true,"href":"https:\/\/vocesparalelas.com.ar\/sitio\/wp-json\/wp\/v2\/users\/3"}],"replies":[{"embeddable":true,"href":"https:\/\/vocesparalelas.com.ar\/sitio\/wp-json\/wp\/v2\/comments?post=56615"}],"version-history":[{"count":3,"href":"https:\/\/vocesparalelas.com.ar\/sitio\/wp-json\/wp\/v2\/posts\/56615\/revisions"}],"predecessor-version":[{"id":56621,"href":"https:\/\/vocesparalelas.com.ar\/sitio\/wp-json\/wp\/v2\/posts\/56615\/revisions\/56621"}],"wp:featuredmedia":[{"embeddable":true,"href":"https:\/\/vocesparalelas.com.ar\/sitio\/wp-json\/wp\/v2\/media\/56618"}],"wp:attachment":[{"href":"https:\/\/vocesparalelas.com.ar\/sitio\/wp-json\/wp\/v2\/media?parent=56615"}],"wp:term":[{"taxonomy":"category","embeddable":true,"href":"https:\/\/vocesparalelas.com.ar\/sitio\/wp-json\/wp\/v2\/categories?post=56615"},{"taxonomy":"post_tag","embeddable":true,"href":"https:\/\/vocesparalelas.com.ar\/sitio\/wp-json\/wp\/v2\/tags?post=56615"}],"curies":[{"name":"wp","href":"https:\/\/api.w.org\/{rel}","templated":true}]}}