{"id":56598,"date":"2023-02-13T23:08:53","date_gmt":"2023-02-14T02:08:53","guid":{"rendered":"https:\/\/vocesparalelas.com.ar\/sitio\/?p=56598"},"modified":"2023-02-14T01:11:34","modified_gmt":"2023-02-14T04:11:34","slug":"oficinas-de-osse-fuera-del-gran-san-juan","status":"publish","type":"post","link":"https:\/\/vocesparalelas.com.ar\/sitio\/oficinas-de-osse-fuera-del-gran-san-juan\/","title":{"rendered":"Oficinas de OSSE fuera del Gran San Juan"},"content":{"rendered":"<p>Obras Sanitarias Sociedad del Estado &#8211; OSSE &#8211; dispone para los usuarios del servicio de agua potable y cloacas oficinas de atenci\u00f3n personalizada en distintos puntos de la provincia para realizar gestiones de tr\u00e1mites, pagos y reclamos.<\/p>\n<p>En todas las oficinas de OSSE la atenci\u00f3n es de lunes a viernes. En el caso de Casa Central, Avenida Ignacio de la Roza 272 &#8211; O &#8211; Capital, con atenci\u00f3n de 7.30 a 15 horas.<\/p>\n<p>Obras Sanitarias tiene adem\u00e1s diez oficinas en el interior de la provincia, ubicadas en importantes zonas urbanas, siendo el horario de atenci\u00f3n al p\u00fablico, de 7.30 a 14 horas.<\/p>\n<p><strong><span style=\"color: #0000ff;\">Oficinas de OSSE fuera del Gran San Juan<\/span><\/strong><\/p>\n<h3><strong>Regi\u00f3n I<\/strong><\/h3>\n<ul>\n<li><strong>Departamento Caucete<\/strong>: Belgrano 102.-<\/li>\n<li><strong>Departamento 9 de Julio<\/strong>: Florida s\/n y Diagonal Sarmiento (Planta de OSSE).<\/li>\n<li><strong>Departamento 25 de Mayo<\/strong>: R. Barrera y 9 de Julio (Municipalidad).<\/li>\n<\/ul>\n<h3><strong>Regi\u00f3n II<\/strong><\/h3>\n<ul>\n<li><strong>Departamento J\u00e1chal<\/strong>: Rawson 545 entre San Juan y San Mart\u00edn.<\/li>\n<\/ul>\n<h3><strong>Regi\u00f3n III<\/strong><\/h3>\n<ul>\n<li><strong>Departamento Albard\u00f3n<\/strong>: P. Marambio entre Arenales y Laprida (planta OSSE).<\/li>\n<li><strong>Departamento Valle F\u00e9rtil<\/strong>: Mitre 1056 San Agust\u00edn.<\/li>\n<\/ul>\n<h3><strong>Regi\u00f3n IV<\/strong><\/h3>\n<ul>\n<li><strong>Departamento Pocito<\/strong>: Pic\u00f3n y Maurin.<\/li>\n<li><strong>Localidad Media Agua<\/strong>: Joaqu\u00edn Torrent lote 1 entre Rivadavia y Barbosa.<\/li>\n<\/ul>\n<h3><strong>Regi\u00f3n V<\/strong><\/h3>\n<ul>\n<li><strong>Localidad Barreal<\/strong>: Las Heras 33- Este \u2013 Predio Municipal.<\/li>\n<li><strong>Departamento Calingasta<\/strong>: Amancay entre Av. Argentina y Aldo Cantoni.<\/li>\n<\/ul>\n<p>En cuanto a la\u00a0atenci\u00f3n que se realiza\u00a0en las distintas oficinas son las siguientes:<\/p>\n<ul>\n<li>Atenci\u00f3n al p\u00fablico presencial y telef\u00f3nico.<\/li>\n<li>Planes de pago.<\/li>\n<li>Cancelaci\u00f3n de contado.<\/li>\n<li>Solicitud de conexi\u00f3n de agua y cloacas.<\/li>\n<li>Divisi\u00f3n o integraci\u00f3n parcelaria.<\/li>\n<li>Cambio de titularidad.<\/li>\n<li>Modificaci\u00f3n de Domicilio Postal.<\/li>\n<li>Unificaci\u00f3n de boletas con energ\u00eda el\u00e9ctrica.<\/li>\n<li>Recepci\u00f3n de reclamos de agua y cloacas.<\/li>\n<li>Recepci\u00f3n de documentaci\u00f3n de beneficio de Jubilados y\/o Pensionados y Plan Red (Beneficios Especiales).<\/li>\n<\/ul>\n<p>Para agilizar los tr\u00e1mites y evitar alguna demora se recomienda que los clientes cuenten con una factura del servicio o el n\u00famero de cliente a mano.<\/p>\n<p>Tambi\u00e9n, OSSE recuerda a los usuarios que desde el 1 de noviembre hasta el 31 de marzo de 2023, de 9 a 21 horas, est\u00e1 establecido el uso de agua potable s\u00f3lo para acciones esenciales y necesarias. Esta medida rige en toda la provincia, todos los d\u00edas, incluidos s\u00e1bados, domingos y feriados.<\/p>\n<p>Frente a la crisis h\u00eddrica en la provincia es trascendental cuidar el agua potable que tenemos, siendo responsables con el uso para que no escasee.<\/p>\n","protected":false},"excerpt":{"rendered":"<p>Obras Sanitarias Sociedad del Estado &#8211; OSSE &#8211; dispone para los usuarios del servicio de agua potable y cloacas oficinas<\/p>\n","protected":false},"author":3,"featured_media":18050,"comment_status":"closed","ping_status":"closed","sticky":false,"template":"","format":"standard","meta":{"_acf_changed":false,"_seopress_robots_primary_cat":"none","_seopress_titles_title":"","_seopress_titles_desc":"","_seopress_robots_index":"","colormag_page_container_layout":"default_layout","colormag_page_sidebar_layout":"default_layout","footnotes":""},"categories":[1],"tags":[],"class_list":["post-56598","post","type-post","status-publish","format-standard","has-post-thumbnail","hentry","category-destacadas"],"acf":[],"_links":{"self":[{"href":"https:\/\/vocesparalelas.com.ar\/sitio\/wp-json\/wp\/v2\/posts\/56598","targetHints":{"allow":["GET"]}}],"collection":[{"href":"https:\/\/vocesparalelas.com.ar\/sitio\/wp-json\/wp\/v2\/posts"}],"about":[{"href":"https:\/\/vocesparalelas.com.ar\/sitio\/wp-json\/wp\/v2\/types\/post"}],"author":[{"embeddable":true,"href":"https:\/\/vocesparalelas.com.ar\/sitio\/wp-json\/wp\/v2\/users\/3"}],"replies":[{"embeddable":true,"href":"https:\/\/vocesparalelas.com.ar\/sitio\/wp-json\/wp\/v2\/comments?post=56598"}],"version-history":[{"count":1,"href":"https:\/\/vocesparalelas.com.ar\/sitio\/wp-json\/wp\/v2\/posts\/56598\/revisions"}],"predecessor-version":[{"id":56601,"href":"https:\/\/vocesparalelas.com.ar\/sitio\/wp-json\/wp\/v2\/posts\/56598\/revisions\/56601"}],"wp:featuredmedia":[{"embeddable":true,"href":"https:\/\/vocesparalelas.com.ar\/sitio\/wp-json\/wp\/v2\/media\/18050"}],"wp:attachment":[{"href":"https:\/\/vocesparalelas.com.ar\/sitio\/wp-json\/wp\/v2\/media?parent=56598"}],"wp:term":[{"taxonomy":"category","embeddable":true,"href":"https:\/\/vocesparalelas.com.ar\/sitio\/wp-json\/wp\/v2\/categories?post=56598"},{"taxonomy":"post_tag","embeddable":true,"href":"https:\/\/vocesparalelas.com.ar\/sitio\/wp-json\/wp\/v2\/tags?post=56598"}],"curies":[{"name":"wp","href":"https:\/\/api.w.org\/{rel}","templated":true}]}}