{"id":56579,"date":"2023-02-13T20:36:16","date_gmt":"2023-02-13T23:36:16","guid":{"rendered":"https:\/\/vocesparalelas.com.ar\/sitio\/?p=56579"},"modified":"2023-02-16T01:22:26","modified_gmt":"2023-02-16T04:22:26","slug":"concurso-publico-para-cubrir-el-cargo-de-director-a-regular-del-irpha-conicet-unsj","status":"publish","type":"post","link":"https:\/\/vocesparalelas.com.ar\/sitio\/concurso-publico-para-cubrir-el-cargo-de-director-a-regular-del-irpha-conicet-unsj\/","title":{"rendered":"Concurso p\u00fablico para cubrir el cargo de Director\/a regular del IRPHA &#8211; CONICET &#8211; UNSJ"},"content":{"rendered":"<p><strong>El Consejo Nacional de Investigaciones Cient\u00edficas y T\u00e9cnicas y la Universidad Nacional de San Juan\u00a0<\/strong>llaman a concurso p\u00fablico para la selecci\u00f3n de DIRECTOR\/A REGULAR de la unidad ejecutora de doble dependencia el<strong>\u00a0INSTITUTO REGIONAL DE PLANEAMIENTO Y HABITAT (IRPHA) &#8211; CONICET &#8211; UNSJ<\/strong><\/p>\n<p><b>El periodo de inscripci\u00f3n ser\u00e1 desde el 1 de marzo hasta el 31 de marzo de 2023, ambos inclusive:<\/b><\/p>\n<p><strong>Apertura:\u00a0 1 DE MARZO DE 2023<\/strong><\/p>\n<p><strong>Cierre:\u00a0 \u00a031 DE MARZO DE 2023<\/strong><\/p>\n<p><span style=\"color: #0000ff;\"><strong>REQUISITOS<\/strong><\/span><\/p>\n<p>Ser docente-investigador\/a activo de la UNSJ o del CONICET de acuerdo a lo que establecen sus respectivas reglamentaciones. Podr\u00e1 postularse tambi\u00e9n quien no siendo miembro de las instituciones convocantes, posea m\u00e9ritos acad\u00e9micos de excelencia en el \u00e1rea de investigaci\u00f3n y desarrollo a la que pertenezca el instituto compartido, equivalentes a los requeridos para los miembros de la UNSJ y del CONICET. No superar los 65 a\u00f1os de edad a la fecha en que se inicia el per\u00edodo de inscripci\u00f3n.<strong>\u00a0<\/strong><\/p>\n<p><span style=\"color: #0000ff;\"><strong>Informaci\u00f3n a presentar<\/strong><\/span><\/p>\n<ul>\n<li>Nombre y apellido de la persona aspirante.<\/li>\n<li>Lugar y fecha de nacimiento.<\/li>\n<li>N\u00ba de documento y autoridad que lo expidi\u00f3.<\/li>\n<li>Domicilio real y domicilio constituido.<\/li>\n<li>Curriculum vitae<\/li>\n<li>Proyecto institucional<strong>\u00a0<\/strong><\/li>\n<\/ul>\n<p><span style=\"color: #0000ff;\"><strong>Aptitudes que ser\u00e1n evaluadas<\/strong><\/span><\/p>\n<ul>\n<li>Experiencia en gesti\u00f3n de ciencia y tecnolog\u00eda y\/o en gesti\u00f3n universitaria.<\/li>\n<li>Condiciones para la conducci\u00f3n de grupos de trabajo de profesionales de alta calificaci\u00f3n.<\/li>\n<li>Experiencia en la confecci\u00f3n de planes de trabajo y en el an\u00e1lisis \u00a0econ\u00f3mico-financiero de los mismos.<\/li>\n<li><strong>El proyecto institucional deber\u00e1 contemplar los aspectos t\u00e9cnicos, cient\u00edficos y de administraci\u00f3n de recursos humanos y financieros, a fin de sustentar la producci\u00f3n cient\u00edfico-t\u00e9cnica del Instituto CONICET-\u00a0<\/strong><strong>UNSJ\u00a0<\/strong><strong>concursado.<\/strong><\/li>\n<\/ul>\n<p><span style=\"color: #0000ff;\"><strong>REMUNERACI\u00d3N<\/strong><\/span><\/p>\n<p>a) Si el candidato\/a seleccionado es Profesor\/a de la UNSJ y no posee dedicaci\u00f3n exclusiva, la dedicaci\u00f3n de su designaci\u00f3n se modificar\u00e1 a dedicaci\u00f3n exclusiva por el tiempo de su designaci\u00f3n como Director\/a, y se fijar\u00e1 un adicional que le corresponda como suplemento por funci\u00f3n de cargo.<\/p>\n<p>b) Si el candidato\/a seleccionado es un investigador\/a de la Carrera del Investigador del CONICET recibir\u00e1 su sueldo habitual m\u00e1s un adicional como suplemento por funci\u00f3n de cargo.<\/p>\n<p>c) Si el candidato\/a seleccionado no es un investigador\/a del CONICET ni de otro escalaf\u00f3n cient\u00edfico-tecnol\u00f3gico, percibir\u00e1 una remuneraci\u00f3n equivalente a la categor\u00eda de la Carrera del Investigador que el jurado proponga y que sea aprobada por el Directorio m\u00e1s el adicional indicado en el punto b). Dicha remuneraci\u00f3n no podr\u00e1 ser menor que la de un Investigador\/a Independiente. Se firmar\u00e1 un contrato por el tiempo de duraci\u00f3n de la designaci\u00f3n.<\/p>\n<p><span style=\"color: #0000ff;\"><strong>DURACI\u00d3N EN EL CARGO<\/strong><\/span><\/p>\n<p>CUATRO (4) a\u00f1os. De acuerdo a lo establecido en el Convenio Marco relativo a Unidades Ejecutoras de doble dependencia oportunamente firmado entre el CONICET y la UNSJ.<\/p>\n<p><span style=\"color: #0000ff;\"><strong>CONDICIONES<\/strong><\/span><strong><br \/>\n<\/strong><\/p>\n<ul>\n<li>El cargo exige dedicaci\u00f3n exclusiva y es incompatible con cualquier actividad profesional, excepto la investigaci\u00f3n que pueda realizarse en el centro a dirigir, la docencia y asesor\u00edas t\u00e9cnicas autorizadas de acuerdo a las normas vigentes para los docentes-investigadores de la UNSJ y para los miembros de la Carrera del lnvestigador del CONICET.<\/li>\n<\/ul>\n<p><span style=\"color: #0000ff;\"><strong>LUGAR DE PRESENTACI\u00d3N<\/strong><\/span><\/p>\n<p>La presentaci\u00f3n de los antecedentes y el proyecto se realizar\u00e1\u00a0<strong>UNICAMENTE EN FORMATO ELECTR\u00d3NICO a los siguientes correos electr\u00f3nicos:\u00a0<\/strong><a href=\"mailto:concurso-ue@conicet.gov.ar\">concurso-ue@conicet.gov.ar<\/a>\u00a0;\u00a0<a href=\"mailto:secyt@unsj.edu.ar\">secyt@unsj.edu.ar<\/a><\/p>\n<p><strong><span style=\"color: #0000ff;\">PARA MAS INFORMACI\u00d3N EN:<\/span><\/strong><\/p>\n<p>CONICET:\u00a0<a href=\"http:\/\/convocatorias.conicet.gov.ar\/director-ue\" target=\"_blank\" rel=\"noopener\">http:\/\/convocatorias.conicet.gov.ar\/director-ue<\/a>\u00a0\/ Correo electr\u00f3nico:\u00a0<a href=\"mailto:concurso-ue@conicet.gov.ar\" target=\"_blank\" rel=\"noopener\">concurso-ue@conicet.gov.ar\u00a0\u00a0\u00a0\u00a0<\/a>Tel.: (011) 4899-5400 int. 2839\/2841\/2845<\/p>\n<p>UNSJ:\u00a0<a href=\"http:\/\/unsj.edu.ar\/\" target=\"_blank\" rel=\"noopener\">http:\/\/unsj.edu.ar<\/a>\/ \/ Correo electr\u00f3nico:\u00a0<a href=\"mailto:secyt@unsj.edu.ar\" target=\"_blank\" rel=\"noopener\">secyt@unsj.edu.ar<\/a><br \/>\nTel.: +54 0264 4295020<\/p>\n<p><strong><span style=\"color: #0000ff;\">CONSULTA Y DESCARGA DE REGLAMENTO DE CONCURSO, T\u00c9RMINOS DE REFERENCIA Y PERFIL<\/span><\/strong><\/p>\n<ul>\n<li><strong>REGLAMENTO DEL CONCURSO<\/strong><\/li>\n<\/ul>\n<p><a href=\"https:\/\/vocesparalelas.com.ar\/sitio\/wp-content\/uploads\/2023\/02\/RD-20120831-2784-1.pdf\">RD-20120831-2784-1<\/a><\/p>\n<ul>\n<li><strong>TERMINOS DE REFERENCIA IRPHa<\/strong><\/li>\n<\/ul>\n<p><a href=\"https:\/\/vocesparalelas.com.ar\/sitio\/wp-content\/uploads\/2023\/02\/TERMINOS-DE-REFERENCIA-IRPHA.pdf\">TERMINOS-DE-REFERENCIA-IRPHA<\/a><\/p>\n<ul>\n<li><strong>PERFIL IRPHa<\/strong><\/li>\n<\/ul>\n<p><a href=\"https:\/\/vocesparalelas.com.ar\/sitio\/wp-content\/uploads\/2023\/02\/PERFIL-IRPHA.pdf\">PERFIL-IRPHA<\/a><\/p>\n<ul>\n<li><strong>SOLICITADA IRPHa<\/strong><\/li>\n<\/ul>\n<p><a href=\"https:\/\/vocesparalelas.com.ar\/sitio\/wp-content\/uploads\/2023\/02\/Solicitada-IRPHA.pdf\">Solicitada-IRPHA<\/a><\/p>\n<ul>\n<li><strong>JURADOS<\/strong><\/li>\n<\/ul>\n<p><a href=\"https:\/\/vocesparalelas.com.ar\/sitio\/wp-content\/uploads\/2023\/02\/JURADOS-IRPHA-2.pdf\">JURADOS-IRPHA-2<\/a><\/p>\n<p><strong>Publicado en<\/strong><\/p>\n<p><a href=\"https:\/\/sanjuan.conicet.gov.ar\/concurso-publico-para-cubrir-el-cargo-de-director-a-regular-del-instituto-regional-de-planeamiento-y-habitat-irpha-conicet-unsj\/\">https:\/\/sanjuan.conicet.gov.ar\/concurso-publico-para-cubrir-el-cargo-de-director-a-regular-del-instituto-regional-de-planeamiento-y-habitat-irpha-conicet-unsj\/<\/a><\/p>\n","protected":false},"excerpt":{"rendered":"<p>El Consejo Nacional de Investigaciones Cient\u00edficas y T\u00e9cnicas y la Universidad Nacional de San Juan\u00a0llaman a concurso p\u00fablico para la<\/p>\n","protected":false},"author":3,"featured_media":7801,"comment_status":"closed","ping_status":"closed","sticky":false,"template":"","format":"standard","meta":{"_acf_changed":false,"_seopress_robots_primary_cat":"none","_seopress_titles_title":"","_seopress_titles_desc":"","_seopress_robots_index":"","colormag_page_container_layout":"default_layout","colormag_page_sidebar_layout":"default_layout","footnotes":""},"categories":[8],"tags":[],"class_list":["post-56579","post","type-post","status-publish","format-standard","has-post-thumbnail","hentry","category-concursos"],"acf":[],"_links":{"self":[{"href":"https:\/\/vocesparalelas.com.ar\/sitio\/wp-json\/wp\/v2\/posts\/56579","targetHints":{"allow":["GET"]}}],"collection":[{"href":"https:\/\/vocesparalelas.com.ar\/sitio\/wp-json\/wp\/v2\/posts"}],"about":[{"href":"https:\/\/vocesparalelas.com.ar\/sitio\/wp-json\/wp\/v2\/types\/post"}],"author":[{"embeddable":true,"href":"https:\/\/vocesparalelas.com.ar\/sitio\/wp-json\/wp\/v2\/users\/3"}],"replies":[{"embeddable":true,"href":"https:\/\/vocesparalelas.com.ar\/sitio\/wp-json\/wp\/v2\/comments?post=56579"}],"version-history":[{"count":2,"href":"https:\/\/vocesparalelas.com.ar\/sitio\/wp-json\/wp\/v2\/posts\/56579\/revisions"}],"predecessor-version":[{"id":56591,"href":"https:\/\/vocesparalelas.com.ar\/sitio\/wp-json\/wp\/v2\/posts\/56579\/revisions\/56591"}],"wp:featuredmedia":[{"embeddable":true,"href":"https:\/\/vocesparalelas.com.ar\/sitio\/wp-json\/wp\/v2\/media\/7801"}],"wp:attachment":[{"href":"https:\/\/vocesparalelas.com.ar\/sitio\/wp-json\/wp\/v2\/media?parent=56579"}],"wp:term":[{"taxonomy":"category","embeddable":true,"href":"https:\/\/vocesparalelas.com.ar\/sitio\/wp-json\/wp\/v2\/categories?post=56579"},{"taxonomy":"post_tag","embeddable":true,"href":"https:\/\/vocesparalelas.com.ar\/sitio\/wp-json\/wp\/v2\/tags?post=56579"}],"curies":[{"name":"wp","href":"https:\/\/api.w.org\/{rel}","templated":true}]}}