{"id":56575,"date":"2023-02-13T11:05:08","date_gmt":"2023-02-13T14:05:08","guid":{"rendered":"https:\/\/vocesparalelas.com.ar\/sitio\/?p=56575"},"modified":"2023-02-13T11:05:08","modified_gmt":"2023-02-13T14:05:08","slug":"contratados-que-pasan-a-planta-permanente-de-educacion-de-san-juan","status":"publish","type":"post","link":"https:\/\/vocesparalelas.com.ar\/sitio\/contratados-que-pasan-a-planta-permanente-de-educacion-de-san-juan\/","title":{"rendered":"Contratados que pasan a planta permanente de Educaci\u00f3n de San Juan"},"content":{"rendered":"<p>El Ministerio de Educaci\u00f3n del Gobierno de San Juan informa que el personal contratado de Zonas alejadas, que est\u00e1n en el mismo antes del 31 de Diciembre 2018, y est\u00e1 en condiciones legales de pasar a planta permanente.<\/p>\n<p>Esta franja de trabajadores deben presentar la documentaci\u00f3n.<\/p>\n<p>Cronograma<\/p>\n<p><span style=\"color: #339966;\"><strong>Departamento\u00a0 San Mart\u00edn<\/strong><\/span><\/p>\n<ul>\n<li><strong><span style=\"color: #339966;\">Fecha:<\/span> <\/strong>Viernes, 03 de Marzo de 2023<\/li>\n<li><strong><span style=\"color: #339966;\">Destinado a:<\/span>\u00a0<\/strong>profesionales, administrativos y Servicios Generales<\/li>\n<li><span style=\"color: #339966;\"><strong>Sede:<\/strong><\/span>\u00a0Casa de la Historia y la Cultura, ubicada en Avenida Sarmiento antes de llegar al Municipio de 8:30 a 13.30 horas<\/li>\n<\/ul>\n<p><span style=\"color: #339966;\"><strong>Departamento\u00a0 J\u00e1chal<\/strong><\/span><\/p>\n<ul>\n<li><span style=\"color: #339966;\"><strong>Fecha:\u00a0<\/strong><\/span>martes 07 de Marzo de 2023<\/li>\n<li><strong><span style=\"color: #339966;\">Destinado a:<\/span>\u00a0<\/strong>profesionales, administrativos y Servicios Generales<\/li>\n<li><span style=\"color: #339966;\"><strong>Sede:<\/strong><\/span>\u00a0Casa de la Cultura del Bicentenario, Vicu\u00f1a Larrain y Chubut, San Jos\u00e9 de J\u00e1chal, a partir de las 10 horas a culminar.<\/li>\n<\/ul>\n<p><span style=\"color: #339966;\"><strong>Departamento\u00a0 Calingasta<\/strong><\/span><\/p>\n<ul>\n<li><strong><span style=\"color: #339966;\">Fecha:<\/span> <\/strong>Viernes, 10 de Marzo de 2023<\/li>\n<li><strong><span style=\"color: #339966;\">Destinado a:<\/span>\u00a0<\/strong>profesionales, administrativos y Servicios Generales<\/li>\n<li><strong><span style=\"color: #339966;\">Sede:<\/span>\u00a0<\/strong>Escuela Batalla de Maip\u00fa, Sarmiento s\/n, Tamber\u00edas, de 10 horas hasta finalizar.<\/li>\n<\/ul>\n<p><span style=\"color: #339966;\"><strong>Departamento\u00a0 Iglesia<\/strong><\/span><\/p>\n<ul>\n<li><strong><span style=\"color: #339966;\">Fecha:<\/span> <\/strong>Lunes, 13 de Marzo de 2023<\/li>\n<li><strong><span style=\"color: #339966;\">Destinado a:<\/span>\u00a0<\/strong>profesionales, administrativos y Servicios Generales<\/li>\n<li><strong><span style=\"color: #339966;\">Sede:<\/span>\u00a0<\/strong>Polideportivo Municipal, Juan Domingo Per\u00f3n s\/n, Rodeo, detr\u00e1s del edificio municipal, de 10 horas a finalizar.<\/li>\n<\/ul>\n<p><span style=\"color: #339966;\"><strong>Departamento Valle F\u00e9rtil<\/strong><\/span><\/p>\n<ul>\n<li><strong><span style=\"color: #339966;\">Fecha:<\/span> M<\/strong>i\u00e9rcoles, 15 de Marzo de 2023<\/li>\n<li><span style=\"color: #339966;\"><strong>Destinado a:\u00a0<\/strong><\/span>profesionales, administrativos y Servicios Generales<\/li>\n<li><span style=\"color: #339966;\"><strong>Sede:<\/strong><\/span>\u00a0Edificio Municipal, de 10 horas a finalizar<\/li>\n<\/ul>\n<p>Al momento de la presentaci\u00f3n deben acudir con la documentaci\u00f3n completa<\/p>\n<p><span style=\"color: #339966;\"><strong>Documentaci\u00f3n requerida<\/strong><\/span><\/p>\n<ul>\n<li>Original y Fotocopia DNI, cara y reverso<\/li>\n<li>Original y Fotocopia T\u00edtulo Anal\u00edtico del Secundario, Universitario o Certificado del Primario, lo que corresponde.<\/li>\n<li>Certificado de Activo de la Administraci\u00f3n P\u00fablica, se obtiene a trav\u00e9s de Ciudadano Digital San Juan.<\/li>\n<li>Certificado del IPV d\u00f3nde conste que est\u00e1 al d\u00eda o que no posee Vivienda, se obtiene a trav\u00e9s de Ciudadano Digital San Juan.<\/li>\n<li>Certificado de Regularidad Fiscal emitido por la Direcci\u00f3n General de Rentas.<\/li>\n<li>Si posee alg\u00fan tipo de discapacidad debe presentar Certificado de Discapacidad original o legalizado por la Direcci\u00f3n de Discapacidades.<\/li>\n<li>Certificado de Antecedentes y Planilla Prontuarial, que se emitir\u00e1 en el momento de presentaci\u00f3n de documentaci\u00f3n a trav\u00e9s del convenio del Ministerio de Educaci\u00f3n y Secretar\u00eda de Estado de Seguridad y Orden P\u00fablico.<\/li>\n<li>Es obligatorio indicar un correo electr\u00f3nico para comunicar novedades.<\/li>\n<\/ul>\n<p>A trav\u00e9s del siguiente link se puede ingresar a Ciudadano Digital en\u00a0<a href=\"https:\/\/mi.sanjuan.gob.ar\/\">https:\/\/mi.sanjuan.gob.ar\/ <\/a>para acceder e imprimir los certificados que se solicitan.<\/p>\n","protected":false},"excerpt":{"rendered":"<p>El Ministerio de Educaci\u00f3n del Gobierno de San Juan informa que el personal contratado de Zonas alejadas, que est\u00e1n en<\/p>\n","protected":false},"author":3,"featured_media":28629,"comment_status":"closed","ping_status":"closed","sticky":false,"template":"","format":"standard","meta":{"_acf_changed":false,"_seopress_robots_primary_cat":"none","_seopress_titles_title":"","_seopress_titles_desc":"","_seopress_robots_index":"","colormag_page_container_layout":"default_layout","colormag_page_sidebar_layout":"default_layout","footnotes":""},"categories":[1],"tags":[],"class_list":["post-56575","post","type-post","status-publish","format-standard","has-post-thumbnail","hentry","category-destacadas"],"acf":[],"_links":{"self":[{"href":"https:\/\/vocesparalelas.com.ar\/sitio\/wp-json\/wp\/v2\/posts\/56575","targetHints":{"allow":["GET"]}}],"collection":[{"href":"https:\/\/vocesparalelas.com.ar\/sitio\/wp-json\/wp\/v2\/posts"}],"about":[{"href":"https:\/\/vocesparalelas.com.ar\/sitio\/wp-json\/wp\/v2\/types\/post"}],"author":[{"embeddable":true,"href":"https:\/\/vocesparalelas.com.ar\/sitio\/wp-json\/wp\/v2\/users\/3"}],"replies":[{"embeddable":true,"href":"https:\/\/vocesparalelas.com.ar\/sitio\/wp-json\/wp\/v2\/comments?post=56575"}],"version-history":[{"count":1,"href":"https:\/\/vocesparalelas.com.ar\/sitio\/wp-json\/wp\/v2\/posts\/56575\/revisions"}],"predecessor-version":[{"id":56578,"href":"https:\/\/vocesparalelas.com.ar\/sitio\/wp-json\/wp\/v2\/posts\/56575\/revisions\/56578"}],"wp:featuredmedia":[{"embeddable":true,"href":"https:\/\/vocesparalelas.com.ar\/sitio\/wp-json\/wp\/v2\/media\/28629"}],"wp:attachment":[{"href":"https:\/\/vocesparalelas.com.ar\/sitio\/wp-json\/wp\/v2\/media?parent=56575"}],"wp:term":[{"taxonomy":"category","embeddable":true,"href":"https:\/\/vocesparalelas.com.ar\/sitio\/wp-json\/wp\/v2\/categories?post=56575"},{"taxonomy":"post_tag","embeddable":true,"href":"https:\/\/vocesparalelas.com.ar\/sitio\/wp-json\/wp\/v2\/tags?post=56575"}],"curies":[{"name":"wp","href":"https:\/\/api.w.org\/{rel}","templated":true}]}}