{"id":56567,"date":"2023-02-12T10:25:36","date_gmt":"2023-02-12T13:25:36","guid":{"rendered":"https:\/\/vocesparalelas.com.ar\/sitio\/?p=56567"},"modified":"2023-02-14T20:11:27","modified_gmt":"2023-02-14T23:11:27","slug":"cronograma-de-examenes-de-febrero-de-2023-en-las-escuelas-de-san-juan","status":"publish","type":"post","link":"https:\/\/vocesparalelas.com.ar\/sitio\/cronograma-de-examenes-de-febrero-de-2023-en-las-escuelas-de-san-juan\/","title":{"rendered":"Cronograma de Ex\u00e1menes de Febrero de 2023 en las Escuelas de San Juan"},"content":{"rendered":"<p>El Ministerio de Educaci\u00f3n del Gobierno de San Juan recuerda a padres y estudiantes de Nivel Primario, Secundario, T\u00e9cnicas y Adultos, las fechas de inscripci\u00f3n y ex\u00e1menes de materias regulares y pendientes<\/p>\n<p><span style=\"color: #339966;\"><strong>Educaci\u00f3n Primaria<\/strong><\/span><\/p>\n<p><span style=\"color: #339966;\"><strong>Ex\u00e1menes libres<\/strong><\/span><\/p>\n<ul>\n<li>Inscripci\u00f3n: 16 y 17 de Febrero<\/li>\n<li>Toma de examen: 24 &#8211; 27 y 28 Febrero<\/li>\n<\/ul>\n<p><span style=\"color: #339966;\"><strong>Examen de alumnos regulares cierre Ciclo Lectivo 2022, del 15 al 23 de febrero<\/strong>.<\/span><\/p>\n<p><span style=\"color: #339966;\"><strong>Educaci\u00f3n Secundaria Orientada y Art\u00edstica, T\u00e9cnica y J\u00f3venes y Adultos<\/strong><\/span><\/p>\n<ul>\n<li>Materias Pendientes: del 15 al 17 de Febrero.<\/li>\n<li>Materias Regulares sin aprobar: del 22 al 28 de Febrero.<\/li>\n<\/ul>\n","protected":false},"excerpt":{"rendered":"<p>El Ministerio de Educaci\u00f3n del Gobierno de San Juan recuerda a padres y estudiantes de Nivel Primario, Secundario, T\u00e9cnicas y<\/p>\n","protected":false},"author":3,"featured_media":28629,"comment_status":"closed","ping_status":"closed","sticky":false,"template":"","format":"standard","meta":{"_acf_changed":false,"_seopress_robots_primary_cat":"none","_seopress_titles_title":"","_seopress_titles_desc":"","_seopress_robots_index":"","colormag_page_container_layout":"default_layout","colormag_page_sidebar_layout":"default_layout","footnotes":""},"categories":[5],"tags":[],"class_list":["post-56567","post","type-post","status-publish","format-standard","has-post-thumbnail","hentry","category-ofrecimientos"],"acf":[],"_links":{"self":[{"href":"https:\/\/vocesparalelas.com.ar\/sitio\/wp-json\/wp\/v2\/posts\/56567","targetHints":{"allow":["GET"]}}],"collection":[{"href":"https:\/\/vocesparalelas.com.ar\/sitio\/wp-json\/wp\/v2\/posts"}],"about":[{"href":"https:\/\/vocesparalelas.com.ar\/sitio\/wp-json\/wp\/v2\/types\/post"}],"author":[{"embeddable":true,"href":"https:\/\/vocesparalelas.com.ar\/sitio\/wp-json\/wp\/v2\/users\/3"}],"replies":[{"embeddable":true,"href":"https:\/\/vocesparalelas.com.ar\/sitio\/wp-json\/wp\/v2\/comments?post=56567"}],"version-history":[{"count":1,"href":"https:\/\/vocesparalelas.com.ar\/sitio\/wp-json\/wp\/v2\/posts\/56567\/revisions"}],"predecessor-version":[{"id":56570,"href":"https:\/\/vocesparalelas.com.ar\/sitio\/wp-json\/wp\/v2\/posts\/56567\/revisions\/56570"}],"wp:featuredmedia":[{"embeddable":true,"href":"https:\/\/vocesparalelas.com.ar\/sitio\/wp-json\/wp\/v2\/media\/28629"}],"wp:attachment":[{"href":"https:\/\/vocesparalelas.com.ar\/sitio\/wp-json\/wp\/v2\/media?parent=56567"}],"wp:term":[{"taxonomy":"category","embeddable":true,"href":"https:\/\/vocesparalelas.com.ar\/sitio\/wp-json\/wp\/v2\/categories?post=56567"},{"taxonomy":"post_tag","embeddable":true,"href":"https:\/\/vocesparalelas.com.ar\/sitio\/wp-json\/wp\/v2\/tags?post=56567"}],"curies":[{"name":"wp","href":"https:\/\/api.w.org\/{rel}","templated":true}]}}