{"id":56563,"date":"2023-02-12T10:11:54","date_gmt":"2023-02-12T13:11:54","guid":{"rendered":"https:\/\/vocesparalelas.com.ar\/sitio\/?p=56563"},"modified":"2023-02-12T10:11:54","modified_gmt":"2023-02-12T13:11:54","slug":"convocatoria-para-formadores-de-talleres-en-el-cccg-de-san-juan","status":"publish","type":"post","link":"https:\/\/vocesparalelas.com.ar\/sitio\/convocatoria-para-formadores-de-talleres-en-el-cccg-de-san-juan\/","title":{"rendered":"Convocatoria para formadores de Talleres en el CCCG de San Juan"},"content":{"rendered":"<p>El Centro Cultural Conte Grand se prepara para el lanzamiento de los talleres 2023 y, en este marco, abre la inscripci\u00f3n para los capacitadores que quieran postularse para las formaciones anuales.<\/p>\n<p>En busca de conocimientos y creatividad para inspirar y motivar mediante la ense\u00f1anza, los aspirantes pueden anotarse de manera online <a href=\"https:\/\/bit.ly\/convcccg2023\">https:\/\/bit.ly\/convcccg2023<\/a> hasta el 17 de Febrero de 2023.<\/p>\n<p>Para acceder a la convocatoria, entre otros requisitos, los interesados deben contar con experiencia en el \u00e1mbito y en el rubro. Las disciplinas disponibles son teatro, danza, circo, canto, m\u00edmica y afines; actividad audiovisual y cinematogr\u00e1fica; fotograf\u00eda; producci\u00f3n discogr\u00e1fica y afines; literatura y producci\u00f3n editorial; m\u00fasica; artes pl\u00e1sticas y gr\u00e1ficas; artes electr\u00f3nicas; artes tradicionales y artesan\u00edas;\u00a0radio y televisi\u00f3n educativas y\/o culturales.<\/p>\n<p>Cabe destacar que los tipos de talleres que se incluir\u00e1n este a\u00f1o van a contar con perspectiva de g\u00e9nero e innovaci\u00f3n.<\/p>\n<p>Los requisitos est\u00e1n detallados en el link de inscripci\u00f3n,<\/p>\n<div><span style=\"color: #339966;\"><strong>Requisitos para poder inscribirte:<\/strong><\/span><\/div>\n<div><\/div>\n<ul>\n<li>Ser monotributista (no excluyente)<\/li>\n<li>Ser mayor de edad.<\/li>\n<li>Referencias comprobables relacionadas con la disciplina.<\/li>\n<li>Cumplir con el cronograma propuesto en su totalidad.<\/li>\n<li>Residir en la Provincia de San Juan.<\/li>\n<\/ul>\n<p>mientras que las consultas se pueden realizar en el Conte Grand de 9 a 17 hs, v\u00eda mail a\u00a0<span id=\"cloak5ab5fd61cc927af97d073bb8fa223dcf\"><a href=\"mailto:programacion.cccg@gmail.com\">programacion.cccg@gmail.com<\/a><\/span> o al tel\u00e9f\u00f3no 4222423.<\/p>\n<p>De esta manera, el CCCG ofrece un espacio multidisciplinario, colaborativo, que es punto de encuentro para poder transmitir diversidad de contenidos culturales que inspiren la creatividad desde la experimentaci\u00f3n de las distintas disciplinas y estilos art\u00edsticos.<\/p>\n","protected":false},"excerpt":{"rendered":"<p>El Centro Cultural Conte Grand se prepara para el lanzamiento de los talleres 2023 y, en este marco, abre la<\/p>\n","protected":false},"author":3,"featured_media":14197,"comment_status":"closed","ping_status":"closed","sticky":false,"template":"","format":"standard","meta":{"_acf_changed":false,"_seopress_robots_primary_cat":"none","_seopress_titles_title":"","_seopress_titles_desc":"","_seopress_robots_index":"","colormag_page_container_layout":"default_layout","colormag_page_sidebar_layout":"default_layout","footnotes":""},"categories":[1],"tags":[],"class_list":["post-56563","post","type-post","status-publish","format-standard","has-post-thumbnail","hentry","category-destacadas"],"acf":[],"_links":{"self":[{"href":"https:\/\/vocesparalelas.com.ar\/sitio\/wp-json\/wp\/v2\/posts\/56563","targetHints":{"allow":["GET"]}}],"collection":[{"href":"https:\/\/vocesparalelas.com.ar\/sitio\/wp-json\/wp\/v2\/posts"}],"about":[{"href":"https:\/\/vocesparalelas.com.ar\/sitio\/wp-json\/wp\/v2\/types\/post"}],"author":[{"embeddable":true,"href":"https:\/\/vocesparalelas.com.ar\/sitio\/wp-json\/wp\/v2\/users\/3"}],"replies":[{"embeddable":true,"href":"https:\/\/vocesparalelas.com.ar\/sitio\/wp-json\/wp\/v2\/comments?post=56563"}],"version-history":[{"count":1,"href":"https:\/\/vocesparalelas.com.ar\/sitio\/wp-json\/wp\/v2\/posts\/56563\/revisions"}],"predecessor-version":[{"id":56566,"href":"https:\/\/vocesparalelas.com.ar\/sitio\/wp-json\/wp\/v2\/posts\/56563\/revisions\/56566"}],"wp:featuredmedia":[{"embeddable":true,"href":"https:\/\/vocesparalelas.com.ar\/sitio\/wp-json\/wp\/v2\/media\/14197"}],"wp:attachment":[{"href":"https:\/\/vocesparalelas.com.ar\/sitio\/wp-json\/wp\/v2\/media?parent=56563"}],"wp:term":[{"taxonomy":"category","embeddable":true,"href":"https:\/\/vocesparalelas.com.ar\/sitio\/wp-json\/wp\/v2\/categories?post=56563"},{"taxonomy":"post_tag","embeddable":true,"href":"https:\/\/vocesparalelas.com.ar\/sitio\/wp-json\/wp\/v2\/tags?post=56563"}],"curies":[{"name":"wp","href":"https:\/\/api.w.org\/{rel}","templated":true}]}}