{"id":56558,"date":"2023-02-11T20:26:54","date_gmt":"2023-02-11T23:26:54","guid":{"rendered":"https:\/\/vocesparalelas.com.ar\/sitio\/?p=56558"},"modified":"2023-02-11T20:26:54","modified_gmt":"2023-02-11T23:26:54","slug":"nombraron-obispo-de-san-rafael-mendoza-al-mons-carlos-maria-dominguez-oar","status":"publish","type":"post","link":"https:\/\/vocesparalelas.com.ar\/sitio\/nombraron-obispo-de-san-rafael-mendoza-al-mons-carlos-maria-dominguez-oar\/","title":{"rendered":"Nombraron Obispo de San Rafael, Mendoza al Mons. Carlos Mar\u00eda Dom\u00ednguez OAR"},"content":{"rendered":"<p>El Santo Padre Francisco nombr\u00f3 obispo de San Rafael a monse\u00f1or\u00a0Carlos Mar\u00eda Dom\u00ednguez OAR, de 57 a\u00f1os, actualmente obispo auxiliar de San Juan de Cuyo y administrador apost\u00f3lico de San Rafael. Ser\u00e1 el octavo obispo diocesano.<\/p>\n<p>Hoy, d\u00eda de su nombramiento como obispo de San Rafael, coincide con la fiesta de la Virgen de Lourdes, copatrona de la di\u00f3cesis.<\/p>\n<p>La informaci\u00f3n se dio a conocer esta ma\u00f1ana en forma simult\u00e1nea en Roma y en Buenos Aires. Aqu\u00ed lo hizo, a trav\u00e9s de la agencia AICA, el nuncio apost\u00f3lico, monse\u00f1or Miroslaw Adamczyk.<\/p>\n<p><span style=\"color: #339966;\"><strong>Datos biogr\u00e1ficos de Mons. Carlos Mar\u00eda Dom\u00ednguez OAR<\/strong><\/span><\/p>\n<p>Naci\u00f3 en San Mart\u00edn, provincia de Buenos Aires, el 23 de diciembre de 1965.<\/p>\n<p>Fue ordenado sacerdote en la Orden de los Agustinos Recoletos el 13 de marzo de 1993 por Mons. Domingo Salvador Castagna, obispo de San Nicol\u00e1s de los Arroyos.<\/p>\n<p>Elegido obispo titular de Vita y auxiliar de San Juan de Cuyo, el 22 de abril de 2019 por el papa Francisco y recibi\u00f3 la ordenaci\u00f3n episcopal en el estadio cubierto del Parque de Mayo de la ciudad de San Juan, el 29 de junio por monse\u00f1or Jorge Eduardo Lozano, arzobispo de San Juan de Cuyo.<\/p>\n<p>&nbsp;<\/p>\n<p><iframe loading=\"lazy\" title=\"Saludo de Mons. Carlos Mar\u00eda Dom\u00ednguez, obispo electo de la di\u00f3cesis de San Rafael\" width=\"800\" height=\"450\" src=\"https:\/\/www.youtube.com\/embed\/HvDgkKH2MC8?feature=oembed\" frameborder=\"0\" allow=\"accelerometer; autoplay; clipboard-write; encrypted-media; gyroscope; picture-in-picture; web-share\" allowfullscreen><\/iframe><\/p>\n<p>&nbsp;<\/p>\n<p>El 5 de febrero de 2022, tras aceptar la renuncia de monse\u00f1or Eduardo Mar\u00eda Taussig, el papa Francisco lo nombr\u00f3 administrador apost\u00f3lico de San Rafael.<\/p>\n<p>En la Conferencia Episcopal Argentina es referente de la Pastoral de Juventud Argentina; en la Comisi\u00f3n Permanente es delegado suplente de la Regi\u00f3n Cuyo; miembro de la Comisi\u00f3n Episcopal para la Vida, los Laicos y la Familia (Cevilaf) y miembro del Consejo de Asuntos Econ\u00f3micos por la Regi\u00f3n Cuyo. Su lema episcopal es \u00abAlegres en la esperanza\u00bb.<\/p>\n<p><span style=\"color: #339966;\"><strong>La di\u00f3cesis de San Rafael<\/strong><\/span><\/p>\n<p>La di\u00f3cesis de San Rafael fue erigida el 10 de abril de 1961 con la bula \u00abEcclesia Christi\u00bb del papa Juan XXIII, y comprende, en la provincia de Mendoza, los departamentos de General Alvear, Malarg\u00fce y San Rafael. Por Breve Apost\u00f3lico del 12 de octubre de 1962, el papa Juan XXIII declar\u00f3 Patronos principales a la Bienaventurada Virgen Mar\u00eda Inmaculada de Lourdes y a San Rafael Arc\u00e1ngel y patrono secundario a San Jos\u00e9, esposo de la Madre de Dios.<\/p>\n<p>Seg\u00fan el Anuario Pontificio 2022, la superficie de la di\u00f3cesis es de 87.286 km2; su poblaci\u00f3n asciende a 298.230 habitantes, de los cuales el 85% es cat\u00f3lico. Cuenta con 31 parroquias, 105 sacerdotes (67 diocesanos y 38 religiosos), 5 di\u00e1conos permanentes; 31 seminaristas mayores, 192 religiosos y 187 religiosas, 1 monasterio femenino; 11 casas de religiosos; 19 casas de religiosas y 17 centros educativos.<\/p>\n<p><span style=\"color: #339966;\"><strong>Obispos<\/strong><\/span><\/p>\n<p>Su primer obispo fue Mons. Ra\u00fal Francisco Primatesta (1961-1965); lo sucedi\u00f3 Mons. Jorge Carlos Carreras (1965-1969); tercer obispo fue Mons. Oscar F\u00e9lix Villena (1970-1972); el cuarto obispo diocesano de San Rafael fue Mons. Le\u00f3n Kruk (1973-1991); el siguiente fue Mons. Jes\u00fas Arturo Rold\u00e1n (1991-1996); el sexto obispo fue Mons. Guillermo Jos\u00e9 Garlatti (1997-2003); el s\u00e9ptimo obispo fue Mons. Eduardo Mar\u00eda Taussig (2004-2022) y Mons. Carlos Mar\u00eda Dom\u00ednguez OAR ser\u00e1 el octavo obispo de San Rafael.<\/p>\n","protected":false},"excerpt":{"rendered":"<p>El Santo Padre Francisco nombr\u00f3 obispo de San Rafael a monse\u00f1or\u00a0Carlos Mar\u00eda Dom\u00ednguez OAR, de 57 a\u00f1os, actualmente obispo auxiliar<\/p>\n","protected":false},"author":3,"featured_media":56561,"comment_status":"closed","ping_status":"closed","sticky":false,"template":"","format":"video","meta":{"_acf_changed":false,"_seopress_robots_primary_cat":"none","_seopress_titles_title":"","_seopress_titles_desc":"","_seopress_robots_index":"","colormag_page_container_layout":"default_layout","colormag_page_sidebar_layout":"default_layout","footnotes":""},"categories":[1,7],"tags":[],"class_list":["post-56558","post","type-post","status-publish","format-video","has-post-thumbnail","hentry","category-destacadas","category-videos","post_format-post-format-video"],"acf":[],"_links":{"self":[{"href":"https:\/\/vocesparalelas.com.ar\/sitio\/wp-json\/wp\/v2\/posts\/56558","targetHints":{"allow":["GET"]}}],"collection":[{"href":"https:\/\/vocesparalelas.com.ar\/sitio\/wp-json\/wp\/v2\/posts"}],"about":[{"href":"https:\/\/vocesparalelas.com.ar\/sitio\/wp-json\/wp\/v2\/types\/post"}],"author":[{"embeddable":true,"href":"https:\/\/vocesparalelas.com.ar\/sitio\/wp-json\/wp\/v2\/users\/3"}],"replies":[{"embeddable":true,"href":"https:\/\/vocesparalelas.com.ar\/sitio\/wp-json\/wp\/v2\/comments?post=56558"}],"version-history":[{"count":1,"href":"https:\/\/vocesparalelas.com.ar\/sitio\/wp-json\/wp\/v2\/posts\/56558\/revisions"}],"predecessor-version":[{"id":56562,"href":"https:\/\/vocesparalelas.com.ar\/sitio\/wp-json\/wp\/v2\/posts\/56558\/revisions\/56562"}],"wp:featuredmedia":[{"embeddable":true,"href":"https:\/\/vocesparalelas.com.ar\/sitio\/wp-json\/wp\/v2\/media\/56561"}],"wp:attachment":[{"href":"https:\/\/vocesparalelas.com.ar\/sitio\/wp-json\/wp\/v2\/media?parent=56558"}],"wp:term":[{"taxonomy":"category","embeddable":true,"href":"https:\/\/vocesparalelas.com.ar\/sitio\/wp-json\/wp\/v2\/categories?post=56558"},{"taxonomy":"post_tag","embeddable":true,"href":"https:\/\/vocesparalelas.com.ar\/sitio\/wp-json\/wp\/v2\/tags?post=56558"}],"curies":[{"name":"wp","href":"https:\/\/api.w.org\/{rel}","templated":true}]}}