{"id":56547,"date":"2023-02-11T19:58:04","date_gmt":"2023-02-11T22:58:04","guid":{"rendered":"https:\/\/vocesparalelas.com.ar\/sitio\/?p=56547"},"modified":"2023-02-14T20:12:06","modified_gmt":"2023-02-14T23:12:06","slug":"oportunidad-laboral-como-soldados-voluntarios-de-la-fuerza-area-argentina","status":"publish","type":"post","link":"https:\/\/vocesparalelas.com.ar\/sitio\/oportunidad-laboral-como-soldados-voluntarios-de-la-fuerza-area-argentina\/","title":{"rendered":"Oportunidad Laboral como Soldados Voluntarios de la Fuerza \u00c1rea Argentina"},"content":{"rendered":"<p>La Fuerza A\u00e9rea Argentina incorpora Soldados Voluntarios en el 2023 y se ofrece un contrato renovable hasta los 28 a\u00f1os.<\/p>\n<p>Adem\u00e1s, la Obra Social de la FAA. Especialidades en electricidad de automotor, chapa y pintura, refrigeraci\u00f3n, gomer\u00eda, carpinter\u00eda, mec\u00e1nica automotriz, alba\u00f1iler\u00eda, ayudante de cocina.<\/p>\n<p><span style=\"color: #0000ff;\"><strong>Requisitos<\/strong><\/span><\/p>\n<ul>\n<li>Edad: 18 a 24 a\u00f1os<\/li>\n<li>Ser argentino nativo, por opci\u00f3n o naturalizado<\/li>\n<li>Estudios primarios completos.<\/li>\n<\/ul>\n<p><span style=\"color: #0000ff;\"><strong>Documentaci\u00f3n<\/strong><\/span><\/p>\n<ul>\n<li>Fotocopia de DNI<\/li>\n<li>Fotocopia de la partida de nacimiento<\/li>\n<li>Certificado de estudio<\/li>\n<li>Constancia de CUIL<\/li>\n<li>Fecha l\u00edmite de recepci\u00f3n de CV: 22 de Febrero de 2023<\/li>\n<li>Foto 4&#215;4.<\/li>\n<\/ul>\n<p><strong><span style=\"color: #0000ff;\">Enviar CV a<\/span><\/strong><\/p>\n<p><a href=\"mailto:personalmilitar_alpal@faa.mil.ar\">personalmilitar_alpal@faa.mil.ar<\/a><\/p>\n<p><strong><span style=\"color: #0000ff;\">Otros contactos para mayor informaci\u00f3n<\/span><\/strong><\/p>\n<ul>\n<li>011-4317-6000 \/int: 60-144<\/li>\n<li>Cap. Claudio Rosales 597- El Palomar.<\/li>\n<\/ul>\n<p>&nbsp;<\/p>\n<p><img loading=\"lazy\" decoding=\"async\" class=\"alignnone size-full wp-image-56555\" src=\"https:\/\/vocesparalelas.com.ar\/sitio\/wp-content\/uploads\/2023\/02\/FUERZA-AEREA-ARGENTINA-LOGO.png\" alt=\"\" width=\"800\" height=\"362\" srcset=\"https:\/\/vocesparalelas.com.ar\/sitio\/wp-content\/uploads\/2023\/02\/FUERZA-AEREA-ARGENTINA-LOGO.png 800w, https:\/\/vocesparalelas.com.ar\/sitio\/wp-content\/uploads\/2023\/02\/FUERZA-AEREA-ARGENTINA-LOGO-300x136.png 300w, https:\/\/vocesparalelas.com.ar\/sitio\/wp-content\/uploads\/2023\/02\/FUERZA-AEREA-ARGENTINA-LOGO-768x348.png 768w\" sizes=\"auto, (max-width: 800px) 100vw, 800px\" \/><\/p>\n<p>&nbsp;<\/p>\n<p>&nbsp;<\/p>\n<p>&nbsp;<\/p>\n","protected":false},"excerpt":{"rendered":"<p>La Fuerza A\u00e9rea Argentina incorpora Soldados Voluntarios en el 2023 y se ofrece un contrato renovable hasta los 28 a\u00f1os.<\/p>\n","protected":false},"author":3,"featured_media":56551,"comment_status":"closed","ping_status":"closed","sticky":false,"template":"","format":"standard","meta":{"_acf_changed":false,"_seopress_robots_primary_cat":"none","_seopress_titles_title":"","_seopress_titles_desc":"","_seopress_robots_index":"","colormag_page_container_layout":"default_layout","colormag_page_sidebar_layout":"default_layout","footnotes":""},"categories":[2],"tags":[],"class_list":["post-56547","post","type-post","status-publish","format-standard","has-post-thumbnail","hentry","category-convocatorias"],"acf":[],"_links":{"self":[{"href":"https:\/\/vocesparalelas.com.ar\/sitio\/wp-json\/wp\/v2\/posts\/56547","targetHints":{"allow":["GET"]}}],"collection":[{"href":"https:\/\/vocesparalelas.com.ar\/sitio\/wp-json\/wp\/v2\/posts"}],"about":[{"href":"https:\/\/vocesparalelas.com.ar\/sitio\/wp-json\/wp\/v2\/types\/post"}],"author":[{"embeddable":true,"href":"https:\/\/vocesparalelas.com.ar\/sitio\/wp-json\/wp\/v2\/users\/3"}],"replies":[{"embeddable":true,"href":"https:\/\/vocesparalelas.com.ar\/sitio\/wp-json\/wp\/v2\/comments?post=56547"}],"version-history":[{"count":5,"href":"https:\/\/vocesparalelas.com.ar\/sitio\/wp-json\/wp\/v2\/posts\/56547\/revisions"}],"predecessor-version":[{"id":56557,"href":"https:\/\/vocesparalelas.com.ar\/sitio\/wp-json\/wp\/v2\/posts\/56547\/revisions\/56557"}],"wp:featuredmedia":[{"embeddable":true,"href":"https:\/\/vocesparalelas.com.ar\/sitio\/wp-json\/wp\/v2\/media\/56551"}],"wp:attachment":[{"href":"https:\/\/vocesparalelas.com.ar\/sitio\/wp-json\/wp\/v2\/media?parent=56547"}],"wp:term":[{"taxonomy":"category","embeddable":true,"href":"https:\/\/vocesparalelas.com.ar\/sitio\/wp-json\/wp\/v2\/categories?post=56547"},{"taxonomy":"post_tag","embeddable":true,"href":"https:\/\/vocesparalelas.com.ar\/sitio\/wp-json\/wp\/v2\/tags?post=56547"}],"curies":[{"name":"wp","href":"https:\/\/api.w.org\/{rel}","templated":true}]}}