{"id":56543,"date":"2023-02-10T23:17:07","date_gmt":"2023-02-11T02:17:07","guid":{"rendered":"https:\/\/vocesparalelas.com.ar\/sitio\/?p=56543"},"modified":"2023-02-10T23:17:07","modified_gmt":"2023-02-11T02:17:07","slug":"agenda-cultural-de-san-juan-5","status":"publish","type":"post","link":"https:\/\/vocesparalelas.com.ar\/sitio\/agenda-cultural-de-san-juan-5\/","title":{"rendered":"Agenda Cultural de San Juan"},"content":{"rendered":"<p>Se viene un nuevo fin de semana y el Ministerio de Turismo y Cultura del Gobierno de San Juan, a trav\u00e9s de su programa Verano Cultural, ofrece un variado abanico de propuestas para todo p\u00fablico.<\/p>\n<p>La primera de ellas es el Viernes, 10 de Febrero, a las 21 hs. con entrada libre y gratuita, en el Monumento al Deporte del Parque de Mayo. Dicha propuesta es una pista abierta de baile de tipo ritmos populares en el marco de Ven\u00ed a Bailar.<\/p>\n<p>Ya el s\u00e1bado, 11 de Febrero, desde las 20 hs., en el Anfiteatro Buenaventura Luna del Auditorio Juan Victoria, la propuesta es Concierto de Cantautores. Se presentan Ra\u00fal de la Torre, Gustavo Troncozo, Pablo Maldonado y Gabriel D\u00e1vila. Adem\u00e1s, est\u00e1 disponible un patio gastron\u00f3mico de la mano de la feria de emprendedores \u201cEl Paseito\u201d. Entrada libre y gratuita.<\/p>\n<p>Hay algunas propuestas que est\u00e1n tanto S\u00e1bado como Domingo. En este sentido, en los jardines del Teatro del Bicentenario llega M\u00fasica en los Jardines del TB. El S\u00e1bado, 11 de Febrero, sube a escena el grupo \u201cSonef\u00e1\u201d. Mientras que el domingo, 12 de Febrero, se puede disfrutar de la m\u00fasica de Eli Dom\u00ednguez y Marti Flores. Ambos d\u00edas, la actividad comienza desde las 21 hs.; con entrada libre y gratuita.<\/p>\n<p>Tambi\u00e9n en dos d\u00edas y el marco de Verano Cultural es el turno de la Feria Vintage en el Chalet Cantoni, Av. Libertador Gral. San Mart\u00edn 3317 &#8211; O &#8211; Rivadavia. Est\u00e1 disponible una venta de antig\u00fcedades, decoraci\u00f3n, bijouterie, ropa vintage, m\u00fasica y food trucks para disfrutar de una agradable jornada. Est\u00e1 el S\u00e1bado y el Domingo, desde las 20 hs., con entrada libre y gratuita.<\/p>\n<p>Ya puntualmente el domingo, otra de las imperdibles propuestas para el finde es\u00a0Circo y T\u00edteres en el sector juegos del Parque de Mayo. Comienza a las 20 hs.; con entrada libre y gratuita. Se presenta el elenco Luna Lunera con su obra \u201cViaje al espacio\u201d y \u201cLa compa\u00f1\u00eda\u201d elenco de circo.<\/p>\n<p>Ese mismo d\u00eda, pero por fuera de lo que es el programa Verano Cultural, el Auditorio Juan Victoria es sede de la s\u00e9ptima edici\u00f3n de San Juan Pesado. Es un evento de heavy metal que cuenta con la presencia de Perversica, Amalgama, B.E.O.R, Putrefactos, Track.tor, Fundente e Inquisici\u00f3n. Comienza a partir de las 20 hs.; en el Anfiteatro Buenaventura Luna y las entradas anticipadas tienen un valor de 1000 pesos.<\/p>\n","protected":false},"excerpt":{"rendered":"<p>Se viene un nuevo fin de semana y el Ministerio de Turismo y Cultura del Gobierno de San Juan, a<\/p>\n","protected":false},"author":3,"featured_media":2997,"comment_status":"closed","ping_status":"closed","sticky":false,"template":"","format":"standard","meta":{"_acf_changed":false,"_seopress_robots_primary_cat":"none","_seopress_titles_title":"","_seopress_titles_desc":"","_seopress_robots_index":"","colormag_page_container_layout":"default_layout","colormag_page_sidebar_layout":"default_layout","footnotes":""},"categories":[1],"tags":[],"class_list":["post-56543","post","type-post","status-publish","format-standard","has-post-thumbnail","hentry","category-destacadas"],"acf":[],"_links":{"self":[{"href":"https:\/\/vocesparalelas.com.ar\/sitio\/wp-json\/wp\/v2\/posts\/56543","targetHints":{"allow":["GET"]}}],"collection":[{"href":"https:\/\/vocesparalelas.com.ar\/sitio\/wp-json\/wp\/v2\/posts"}],"about":[{"href":"https:\/\/vocesparalelas.com.ar\/sitio\/wp-json\/wp\/v2\/types\/post"}],"author":[{"embeddable":true,"href":"https:\/\/vocesparalelas.com.ar\/sitio\/wp-json\/wp\/v2\/users\/3"}],"replies":[{"embeddable":true,"href":"https:\/\/vocesparalelas.com.ar\/sitio\/wp-json\/wp\/v2\/comments?post=56543"}],"version-history":[{"count":1,"href":"https:\/\/vocesparalelas.com.ar\/sitio\/wp-json\/wp\/v2\/posts\/56543\/revisions"}],"predecessor-version":[{"id":56546,"href":"https:\/\/vocesparalelas.com.ar\/sitio\/wp-json\/wp\/v2\/posts\/56543\/revisions\/56546"}],"wp:featuredmedia":[{"embeddable":true,"href":"https:\/\/vocesparalelas.com.ar\/sitio\/wp-json\/wp\/v2\/media\/2997"}],"wp:attachment":[{"href":"https:\/\/vocesparalelas.com.ar\/sitio\/wp-json\/wp\/v2\/media?parent=56543"}],"wp:term":[{"taxonomy":"category","embeddable":true,"href":"https:\/\/vocesparalelas.com.ar\/sitio\/wp-json\/wp\/v2\/categories?post=56543"},{"taxonomy":"post_tag","embeddable":true,"href":"https:\/\/vocesparalelas.com.ar\/sitio\/wp-json\/wp\/v2\/tags?post=56543"}],"curies":[{"name":"wp","href":"https:\/\/api.w.org\/{rel}","templated":true}]}}