{"id":56539,"date":"2023-02-10T23:04:58","date_gmt":"2023-02-11T02:04:58","guid":{"rendered":"https:\/\/vocesparalelas.com.ar\/sitio\/?p=56539"},"modified":"2023-02-14T20:12:55","modified_gmt":"2023-02-14T23:12:55","slug":"venta-de-entradas-para-el-espectaculo-final-de-la-fns-2023","status":"publish","type":"post","link":"https:\/\/vocesparalelas.com.ar\/sitio\/venta-de-entradas-para-el-espectaculo-final-de-la-fns-2023\/","title":{"rendered":"Venta de entradas para el Espect\u00e1culo Final\u00a0de la FNS 2023"},"content":{"rendered":"<p>El\u00a0Espect\u00e1culo Final es uno de los momentos m\u00e1s esperados por el p\u00fablico en cada edici\u00f3n de la Fiesta Nacional del Sol 2023. En esta oportunidad, \u201cConectados, nos unen las peque\u00f1as historias\u201d es la propuesta art\u00edstica que cierra la fiesta de San Juan, el 25 de Febrero, en el Costanera Complejo Ferial, Departamento Chimbas.<\/p>\n<p>En este marco, el Martes, 14 de Febrero se habilita la venta de las entradas para disfrutar distintas historias contadas a trav\u00e9s de la m\u00fasica, la danza y el arte digital en el Escenario San Juan.<\/p>\n<p>Los tickets tienen distintos valores, seg\u00fan la ubicaci\u00f3n del espectador. La entrada general de $500 es para la tribuna, con acceso al show de El Loco Amato y tambi\u00e9n, hay otras de $800, $1000, $2000 y $3000.<\/p>\n<p>Los interesados pueden adquirir los tickets, presencialmente, en Costanera Complejo Ferial y en el Teatro del Bicentenario, de 9 a 19 hs, y tambi\u00e9n se venden por <a href=\"https:\/\/ventas.autoentrada.com\/\">autoentrada.com<\/a>. Cabe destacar que la venta online comienza el Martes, 14 de Febrero, a partir de las 15 hs.<\/p>\n<p>Adem\u00e1s, con las tarjetas de cr\u00e9dito del Banco San Juan se pueden adquirir las entradas en seis cuotas sin inter\u00e9s en los puntos de venta. Este a\u00f1o, el mismo sistema, tambi\u00e9n, se aplica con las tarjetas de los otros bancos del grupo. Adem\u00e1s, dentro del predio hay beneficios en los puestos gastron\u00f3micos con Billetera San Juan, que se lanz\u00f3 en conjunto con el Gobierno de San Juan, y que otorga hasta 30% de descuentos.<\/p>\n","protected":false},"excerpt":{"rendered":"<p>El\u00a0Espect\u00e1culo Final es uno de los momentos m\u00e1s esperados por el p\u00fablico en cada edici\u00f3n de la Fiesta Nacional del<\/p>\n","protected":false},"author":3,"featured_media":55776,"comment_status":"closed","ping_status":"closed","sticky":false,"template":"","format":"standard","meta":{"_acf_changed":false,"_seopress_robots_primary_cat":"none","_seopress_titles_title":"","_seopress_titles_desc":"","_seopress_robots_index":"","colormag_page_container_layout":"default_layout","colormag_page_sidebar_layout":"default_layout","footnotes":""},"categories":[2],"tags":[],"class_list":["post-56539","post","type-post","status-publish","format-standard","has-post-thumbnail","hentry","category-convocatorias"],"acf":[],"_links":{"self":[{"href":"https:\/\/vocesparalelas.com.ar\/sitio\/wp-json\/wp\/v2\/posts\/56539","targetHints":{"allow":["GET"]}}],"collection":[{"href":"https:\/\/vocesparalelas.com.ar\/sitio\/wp-json\/wp\/v2\/posts"}],"about":[{"href":"https:\/\/vocesparalelas.com.ar\/sitio\/wp-json\/wp\/v2\/types\/post"}],"author":[{"embeddable":true,"href":"https:\/\/vocesparalelas.com.ar\/sitio\/wp-json\/wp\/v2\/users\/3"}],"replies":[{"embeddable":true,"href":"https:\/\/vocesparalelas.com.ar\/sitio\/wp-json\/wp\/v2\/comments?post=56539"}],"version-history":[{"count":1,"href":"https:\/\/vocesparalelas.com.ar\/sitio\/wp-json\/wp\/v2\/posts\/56539\/revisions"}],"predecessor-version":[{"id":56542,"href":"https:\/\/vocesparalelas.com.ar\/sitio\/wp-json\/wp\/v2\/posts\/56539\/revisions\/56542"}],"wp:featuredmedia":[{"embeddable":true,"href":"https:\/\/vocesparalelas.com.ar\/sitio\/wp-json\/wp\/v2\/media\/55776"}],"wp:attachment":[{"href":"https:\/\/vocesparalelas.com.ar\/sitio\/wp-json\/wp\/v2\/media?parent=56539"}],"wp:term":[{"taxonomy":"category","embeddable":true,"href":"https:\/\/vocesparalelas.com.ar\/sitio\/wp-json\/wp\/v2\/categories?post=56539"},{"taxonomy":"post_tag","embeddable":true,"href":"https:\/\/vocesparalelas.com.ar\/sitio\/wp-json\/wp\/v2\/tags?post=56539"}],"curies":[{"name":"wp","href":"https:\/\/api.w.org\/{rel}","templated":true}]}}