{"id":56526,"date":"2023-02-10T19:18:22","date_gmt":"2023-02-10T22:18:22","guid":{"rendered":"https:\/\/vocesparalelas.com.ar\/sitio\/?p=56526"},"modified":"2023-02-14T20:13:36","modified_gmt":"2023-02-14T23:13:36","slug":"se-pone-en-marcha-en-san-juan-el-plan-de-prevencion-y-diagnostico-de-demencias","status":"publish","type":"post","link":"https:\/\/vocesparalelas.com.ar\/sitio\/se-pone-en-marcha-en-san-juan-el-plan-de-prevencion-y-diagnostico-de-demencias\/","title":{"rendered":"Se pone en marcha en San Juan el \u201cPlan de Prevenci\u00f3n y Diagn\u00f3stico de Demencias\u201d\u00a0"},"content":{"rendered":"<p>El objetivo del proyecto es crear un nodo principal de capacidades virtuales para poner en marcha un\u00a0\u201cPlan de Prevenci\u00f3n y Diagn\u00f3stico de Demencias\u201d\u00a0que garantice el acceso a la atenci\u00f3n p\u00fablica de calidad en toda la provincia, unificando criterios internacionales de diagn\u00f3stico, tratamiento y atenci\u00f3n de las enfermedades detectadas. La duraci\u00f3n del mismo alcanza los 12 meses.<\/p>\n<p>Con esto se busca poder realizar la capacitaci\u00f3n de los nodos secundarios distribuidos en los 19 departamentos de la provincia, y se pretende que los 100 mil ciudadanos mayores de 50 a\u00f1os que viven en San Juan tengan acceso cercano a una consulta, asesoramiento, contenci\u00f3n, diagn\u00f3stico preciso y un tratamiento adecuado en caso de as\u00ed necesitarlo. Se realizar\u00e1 a su vez campa\u00f1as de prevenci\u00f3n y generaran la primera base de datos de pacientes con demencia en la provincia.<\/p>\n<p>La\u00a0SECITI\u00a0gestion\u00f3 para este proyecto el monto de\u00a015 millones de pesos\u00a0para su elaboraci\u00f3n y puesta en marcha, el cual contar\u00e1 con la colaboraci\u00f3n del\u00a0Ministerio de Salud y la UCCuyo.<\/p>\n<p>En el acto se llev\u00f3 a cabo la firma del convenio de subvenci\u00f3n para la puesta en marcha del\u00a0Plan de Prevenci\u00f3n y Diagn\u00f3stico de demencias en San Juan con la presencia de la ministra de Salud P\u00fablica, Dra. Alejandra Venerando,\u00a0la secretaria de Estado de Ciencia, Tecnolog\u00eda e Innovaci\u00f3n,\u00a0Ing. Marita Benavente, el rector de la UCCuyo, Lic. Claudio Larrea, la vicerrectora,\u00a0Lic. Laura Simonassi,\u00a0el director de Investigaci\u00f3n del Instituto de Investigaci\u00f3n, Ing. Luis Jim\u00e9nez, Cesar Javier Coria\u00a0de la UVT,\u00a0la subsecretaria de la Actividad Cient\u00edfica y Tecnol\u00f3gica,\u00a0Ing. Sandra Noriega,\u00a0la coordinadora de Gesti\u00f3n de Proyectos,\u00a0Lic. Luciana Craviotto\u00a0y el investigador del CONICET y UCCuyo Dr. Martin Bruno.<\/p>\n<p>El rector de la UCCuyo, Lic. Claudio Larrea dijo que \u00abagradezco el aporte recibido y la oportunidad que hoy tienen las universidades de poder construir conocimiento y darlo a conocer. Es muy importante este proyecto, y agradezco al gobierno de San Juan y sus organismos permitir que esto se haga realidad. Desde nuestra universidad aportamos la infraestructura y el equipo de investigadores para trabajar en el proyecto\u201d.<\/p>\n<p>Por su parte, la Secretaria del SECITI, Ing. Marita Benavente\u00a0consider\u00f3 que \u201cla nueva ley de ciencia, tecnolog\u00eda e innovaci\u00f3n nacional le brinda a las provincias la posibilidad de acceder a financiamientos que equilibren las heterogeneidades, combatiendo la enorme desigualdad que provoca el centralismo. Tenemos un desarrollo tan desigual y centralista en la ciencia, que se trat\u00f3 de compensar con una ley nacional que asignara un 20% a las provincias no centrales. Desde el interior intentamos una puja redistributiva por fondos federales, aportando proyectos significativos para captar estos fondos. Este a\u00f1o presentamos 12 proyectos en San Juan, 7 de los cuales fueron financiados con 100 millones de pesos.<\/p>\n<p>La ministra de Salud P\u00fablica, Dra. Alejandra Venerando\u00a0expres\u00f3 que \u201ces muy importante para las sanjuaninas y sanjuaninos poder contar con un proyecto de esta envergadura que permite detectar de manera precoz alg\u00fan tipo de anomal\u00eda que puede llevar a una demencia. Debemos seguir este tipo de pol\u00edticas articuladas en forma conjunta con las universidades y en este caso en particular aportamos desde nuestra \u00f3rbita, los centros de salud en todo San Juan para llevar a cabo los estudios correspondientes\u201d.<\/p>\n<p>De esta manera se implementar\u00e1n nuevas tecnolog\u00edas de diagn\u00f3stico para integrar una base de datos epidemiol\u00f3gicos con la mayor cantidad de variables, que permitan arribar a conclusiones certeras respecto de cada individuo y su contexto familiar y social.<\/p>\n<p>Mientras, el Dr. Martin Bruno, investigador de CONICET y la Universidad Cat\u00f3lica de Cuyo, quien llevar\u00e1 adelante el proyecto, mencion\u00f3 que \u00abnecesitamos tener un impacto m\u00e1s social. El coraz\u00f3n del proyecto es llegar a prevenci\u00f3n de diagn\u00f3stico, inclusive tratamientos, de forma equitativa a toda la poblaci\u00f3n de San juan. En este momento, los principales centros especializados en diagn\u00f3stico de tratamiento de las demencias se encuentran en gran de San Juan, por lo tanto, los departamentos alejados como Calingasta, Iglesia y Caucete, necesitan acceder a las mismas condiciones y a una contenci\u00f3n social y familiar\u201d.<\/p>\n","protected":false},"excerpt":{"rendered":"<p>El objetivo del proyecto es crear un nodo principal de capacidades virtuales para poner en marcha un\u00a0\u201cPlan de Prevenci\u00f3n y<\/p>\n","protected":false},"author":3,"featured_media":56529,"comment_status":"closed","ping_status":"closed","sticky":false,"template":"","format":"standard","meta":{"_acf_changed":false,"_seopress_robots_primary_cat":"none","_seopress_titles_title":"","_seopress_titles_desc":"","_seopress_robots_index":"","colormag_page_container_layout":"default_layout","colormag_page_sidebar_layout":"default_layout","footnotes":""},"categories":[9],"tags":[],"class_list":["post-56526","post","type-post","status-publish","format-standard","has-post-thumbnail","hentry","category-cursos"],"acf":[],"_links":{"self":[{"href":"https:\/\/vocesparalelas.com.ar\/sitio\/wp-json\/wp\/v2\/posts\/56526","targetHints":{"allow":["GET"]}}],"collection":[{"href":"https:\/\/vocesparalelas.com.ar\/sitio\/wp-json\/wp\/v2\/posts"}],"about":[{"href":"https:\/\/vocesparalelas.com.ar\/sitio\/wp-json\/wp\/v2\/types\/post"}],"author":[{"embeddable":true,"href":"https:\/\/vocesparalelas.com.ar\/sitio\/wp-json\/wp\/v2\/users\/3"}],"replies":[{"embeddable":true,"href":"https:\/\/vocesparalelas.com.ar\/sitio\/wp-json\/wp\/v2\/comments?post=56526"}],"version-history":[{"count":1,"href":"https:\/\/vocesparalelas.com.ar\/sitio\/wp-json\/wp\/v2\/posts\/56526\/revisions"}],"predecessor-version":[{"id":56530,"href":"https:\/\/vocesparalelas.com.ar\/sitio\/wp-json\/wp\/v2\/posts\/56526\/revisions\/56530"}],"wp:featuredmedia":[{"embeddable":true,"href":"https:\/\/vocesparalelas.com.ar\/sitio\/wp-json\/wp\/v2\/media\/56529"}],"wp:attachment":[{"href":"https:\/\/vocesparalelas.com.ar\/sitio\/wp-json\/wp\/v2\/media?parent=56526"}],"wp:term":[{"taxonomy":"category","embeddable":true,"href":"https:\/\/vocesparalelas.com.ar\/sitio\/wp-json\/wp\/v2\/categories?post=56526"},{"taxonomy":"post_tag","embeddable":true,"href":"https:\/\/vocesparalelas.com.ar\/sitio\/wp-json\/wp\/v2\/tags?post=56526"}],"curies":[{"name":"wp","href":"https:\/\/api.w.org\/{rel}","templated":true}]}}