{"id":56521,"date":"2023-02-10T18:23:37","date_gmt":"2023-02-10T21:23:37","guid":{"rendered":"https:\/\/vocesparalelas.com.ar\/sitio\/?p=56521"},"modified":"2023-02-11T22:06:53","modified_gmt":"2023-02-12T01:06:53","slug":"cronograma-de-traslados-preferenciales-y-ordinarios-para-docentes-de-san-juan","status":"publish","type":"post","link":"https:\/\/vocesparalelas.com.ar\/sitio\/cronograma-de-traslados-preferenciales-y-ordinarios-para-docentes-de-san-juan\/","title":{"rendered":"Cronograma de Traslados Preferenciales y Ordinarios para docentes de San Juan"},"content":{"rendered":"<p>La Junta de Rama Primaria del Ministerio de Educaci\u00f3n del Gobierno de San Juan inform\u00f3 el cronograma de actos p\u00fablicos para la cobertura de cargos vacantes hasta el 31 de Diciembre de 2022 de acuerdo a la informaci\u00f3n de las direcciones de \u00c1rea<\/p>\n<p>Se realiz\u00f3 el 6 de Febrero, disponibilidades, reincorporaciones al Sistema Educativo y Traslados Interjurisdiccionales.<\/p>\n<ul>\n<li>Del 8 al 10 de Febrero: exhibici\u00f3n de listados de cargos vacantes para Traslados.<\/li>\n<\/ul>\n<p>Ingresar a la p\u00e1gina del Ministerio de Educaci\u00f3n en<\/p>\n<p><a href=\"http:\/\/educacion.sanjuan.gob.ar\">http:\/\/educacion.sanjuan.gob.ar<\/a><\/p>\n<p>y en la Sede de Junta de Clasificaci\u00f3n.<\/p>\n<ul>\n<li>13 de Febrero, Traslados Ordinarios y Preferenciales.<\/li>\n<\/ul>\n<p><span style=\"color: #339966;\"><strong>Traslados Preferenciales y Ordinarios<\/strong><\/span><\/p>\n<p>En Documento Adjunto est\u00e1 el Cronograma completo.<\/p>\n<p><a href=\"https:\/\/vocesparalelas.com.ar\/sitio\/wp-content\/uploads\/2023\/02\/TRASLADOS-CRONOGRAMA-2023.pdf\">TRASLADOS-CRONOGRAMA 2023<\/a><\/p>\n","protected":false},"excerpt":{"rendered":"<p>La Junta de Rama Primaria del Ministerio de Educaci\u00f3n del Gobierno de San Juan inform\u00f3 el cronograma de actos p\u00fablicos<\/p>\n","protected":false},"author":3,"featured_media":28629,"comment_status":"closed","ping_status":"closed","sticky":false,"template":"","format":"standard","meta":{"_acf_changed":false,"_seopress_robots_primary_cat":"none","_seopress_titles_title":"","_seopress_titles_desc":"","_seopress_robots_index":"","colormag_page_container_layout":"default_layout","colormag_page_sidebar_layout":"default_layout","footnotes":""},"categories":[5],"tags":[],"class_list":["post-56521","post","type-post","status-publish","format-standard","has-post-thumbnail","hentry","category-ofrecimientos"],"acf":[],"_links":{"self":[{"href":"https:\/\/vocesparalelas.com.ar\/sitio\/wp-json\/wp\/v2\/posts\/56521","targetHints":{"allow":["GET"]}}],"collection":[{"href":"https:\/\/vocesparalelas.com.ar\/sitio\/wp-json\/wp\/v2\/posts"}],"about":[{"href":"https:\/\/vocesparalelas.com.ar\/sitio\/wp-json\/wp\/v2\/types\/post"}],"author":[{"embeddable":true,"href":"https:\/\/vocesparalelas.com.ar\/sitio\/wp-json\/wp\/v2\/users\/3"}],"replies":[{"embeddable":true,"href":"https:\/\/vocesparalelas.com.ar\/sitio\/wp-json\/wp\/v2\/comments?post=56521"}],"version-history":[{"count":1,"href":"https:\/\/vocesparalelas.com.ar\/sitio\/wp-json\/wp\/v2\/posts\/56521\/revisions"}],"predecessor-version":[{"id":56525,"href":"https:\/\/vocesparalelas.com.ar\/sitio\/wp-json\/wp\/v2\/posts\/56521\/revisions\/56525"}],"wp:featuredmedia":[{"embeddable":true,"href":"https:\/\/vocesparalelas.com.ar\/sitio\/wp-json\/wp\/v2\/media\/28629"}],"wp:attachment":[{"href":"https:\/\/vocesparalelas.com.ar\/sitio\/wp-json\/wp\/v2\/media?parent=56521"}],"wp:term":[{"taxonomy":"category","embeddable":true,"href":"https:\/\/vocesparalelas.com.ar\/sitio\/wp-json\/wp\/v2\/categories?post=56521"},{"taxonomy":"post_tag","embeddable":true,"href":"https:\/\/vocesparalelas.com.ar\/sitio\/wp-json\/wp\/v2\/tags?post=56521"}],"curies":[{"name":"wp","href":"https:\/\/api.w.org\/{rel}","templated":true}]}}