{"id":56517,"date":"2023-02-10T18:08:31","date_gmt":"2023-02-10T21:08:31","guid":{"rendered":"https:\/\/vocesparalelas.com.ar\/sitio\/?p=56517"},"modified":"2023-02-14T20:14:36","modified_gmt":"2023-02-14T23:14:36","slug":"afiliacion-a-la-osp-de-los-empleados-publicos-de-san-juan-que-pasan-a-planta-permanente","status":"publish","type":"post","link":"https:\/\/vocesparalelas.com.ar\/sitio\/afiliacion-a-la-osp-de-los-empleados-publicos-de-san-juan-que-pasan-a-planta-permanente\/","title":{"rendered":"Afiliaci\u00f3n a la OSP de los empleados p\u00fablicos de San Juan que pasan a planta permanente"},"content":{"rendered":"<p>La Obra Social Provincia del Ministerio de Salud P\u00fablica del Gobierno de San Juan recuerda a los empleados de la administraci\u00f3n p\u00fablica de San Juan que, para poder tener la cobertura m\u00e9dica asistencial, deben empadronarse por primera vez.<\/p>\n<p><span style=\"color: #ff0000;\"><strong>Para este tr\u00e1mite deben tener en cuenta los siguientes requisitos:<\/strong><\/span><\/p>\n<ol>\n<li>Ficha de afiliaci\u00f3n del titular con todo el grupo familiar a su cargo, certificada por el Jefe de Personal de la repartici\u00f3n a la cual pertenece.<\/li>\n<li>Fotocopia de Decreto de designaci\u00f3n del agente.<\/li>\n<li>Fotocopia de DNI del titular y de todos los integrantes del grupo familiar.<\/li>\n<li>Partida de Matrimonio actualizada y legalizada.<\/li>\n<li>Partida de Nacimiento legalizada de cada uno de los menores a incorporar.<\/li>\n<li>Fotocopia de factura de servicio donde figure el domicilio actual. Si no la tuviere, presentar certificado de residencia.<\/li>\n<li>Fotocopia del \u00faltimo recibo de sueldo del titular.<\/li>\n<\/ol>\n<p><strong><span style=\"color: #ff0000;\">Formulario<\/span><\/strong><\/p>\n<p>Descarga los formularios que debe presentar en la Obra Social Provincia en<\/p>\n<p><a href=\"http:\/\/www.obrasocial.sanjuan.gob.ar\/dos\/Afiliaciones\/Requisitos-de-Afiliacion\">http:\/\/www.obrasocial.sanjuan.gob.ar\/dos\/Afiliaciones\/Requisitos-de-Afiliacion<\/a><\/p>\n<p>Si al momento de afiliarse a\u00fan no cuenta con recibo de sueldo, debe presentarlo dentro de los pr\u00f3ximos 30 d\u00edas posteriores a la realizaci\u00f3n del tr\u00e1mite.<\/p>\n<p>En caso que en el decreto de designaci\u00f3n del agente nombrado, figure solamente n\u00famero de expediente, debe presentar tambi\u00e9n resoluci\u00f3n de designaci\u00f3n donde figuren datos personales del mismo.<\/p>\n<p>Una vez reunida la documentaci\u00f3n, puede presentarla de\u00a0manera presencial en el \u00e1rea de Afiliaciones de OSP, 1\u00b0 piso de sede central, Agust\u00edn Gnecco 360 &#8211; S &#8211; Capital, de Lunes a Viernes,\u00a0 de 7.30 a 13 hs., o v\u00eda on line envi\u00e1ndola al\u00a0 correo electr\u00f3nico: <span id=\"cloak06415a21851ace8112b94b9dd0d75e5b\"><a href=\"mailto:afiliaciones.osp@gmail.com\">afiliaciones.osp@gmail.com<\/a><\/span>\u00a0.<\/p>\n","protected":false},"excerpt":{"rendered":"<p>La Obra Social Provincia del Ministerio de Salud P\u00fablica del Gobierno de San Juan recuerda a los empleados de la<\/p>\n","protected":false},"author":3,"featured_media":53683,"comment_status":"closed","ping_status":"closed","sticky":false,"template":"","format":"standard","meta":{"_acf_changed":false,"_seopress_robots_primary_cat":"none","_seopress_titles_title":"","_seopress_titles_desc":"","_seopress_robots_index":"","colormag_page_container_layout":"default_layout","colormag_page_sidebar_layout":"default_layout","footnotes":""},"categories":[10],"tags":[],"class_list":["post-56517","post","type-post","status-publish","format-standard","has-post-thumbnail","hentry","category-opiniones"],"acf":[],"_links":{"self":[{"href":"https:\/\/vocesparalelas.com.ar\/sitio\/wp-json\/wp\/v2\/posts\/56517","targetHints":{"allow":["GET"]}}],"collection":[{"href":"https:\/\/vocesparalelas.com.ar\/sitio\/wp-json\/wp\/v2\/posts"}],"about":[{"href":"https:\/\/vocesparalelas.com.ar\/sitio\/wp-json\/wp\/v2\/types\/post"}],"author":[{"embeddable":true,"href":"https:\/\/vocesparalelas.com.ar\/sitio\/wp-json\/wp\/v2\/users\/3"}],"replies":[{"embeddable":true,"href":"https:\/\/vocesparalelas.com.ar\/sitio\/wp-json\/wp\/v2\/comments?post=56517"}],"version-history":[{"count":1,"href":"https:\/\/vocesparalelas.com.ar\/sitio\/wp-json\/wp\/v2\/posts\/56517\/revisions"}],"predecessor-version":[{"id":56520,"href":"https:\/\/vocesparalelas.com.ar\/sitio\/wp-json\/wp\/v2\/posts\/56517\/revisions\/56520"}],"wp:featuredmedia":[{"embeddable":true,"href":"https:\/\/vocesparalelas.com.ar\/sitio\/wp-json\/wp\/v2\/media\/53683"}],"wp:attachment":[{"href":"https:\/\/vocesparalelas.com.ar\/sitio\/wp-json\/wp\/v2\/media?parent=56517"}],"wp:term":[{"taxonomy":"category","embeddable":true,"href":"https:\/\/vocesparalelas.com.ar\/sitio\/wp-json\/wp\/v2\/categories?post=56517"},{"taxonomy":"post_tag","embeddable":true,"href":"https:\/\/vocesparalelas.com.ar\/sitio\/wp-json\/wp\/v2\/tags?post=56517"}],"curies":[{"name":"wp","href":"https:\/\/api.w.org\/{rel}","templated":true}]}}