{"id":56512,"date":"2023-02-10T17:04:49","date_gmt":"2023-02-10T20:04:49","guid":{"rendered":"https:\/\/vocesparalelas.com.ar\/sitio\/?p=56512"},"modified":"2023-02-10T17:04:49","modified_gmt":"2023-02-10T20:04:49","slug":"reunion-del-gabinete-del-gobierno-de-san-juan-2023","status":"publish","type":"post","link":"https:\/\/vocesparalelas.com.ar\/sitio\/reunion-del-gabinete-del-gobierno-de-san-juan-2023\/","title":{"rendered":"Reuni\u00f3n del Gabinete del Gobierno de San Juan 2023"},"content":{"rendered":"<p>El gobernador de San Juan, Dr. Sergio U\u00f1ac convoc\u00f3 a la primera reuni\u00f3n de gabinete 2023 para repasar la agenda institucional que tiene cada uno de los Ministerios y la tarea que se realiza diariamente en la gesti\u00f3n gubernamental.<\/p>\n<p>Acompa\u00f1ando al gobernador estuvieron el vice gobernador, CPN Roberto Gattoni; el ministro de Gobierno, Dr. Alberto Hensel; la ministra de Hacienda y Finanzas, CPN Marisa L\u00f3pez; el ministro de Obras y Servicios P\u00fablicos, Ing. Julio Ortiz Andino; el ministro de Miner\u00eda, Ing. Carlos Astudillo; la ministra de Salud P\u00fablica, Dra. Alejandra Venerando; la ministra de Educaci\u00f3n, Lic. Cecilia Trincado; el ministro de Producci\u00f3n y Desarrollo Econ\u00f3mico, Ing. Ariel Lucero; el ministro de Desarrollo Humano, Prof. Fabi\u00e1n Aballay; la ministra de Turismo y Cultura, Lic. Claudia Grynzspan; el secretario de la Unidad de la Gobernaci\u00f3n, Luis Rueda; el secretario de Estado de Seguridad y Orden P\u00fablico, Dr. Carlos Munisaga; el secretario de Medio Ambiente, Francisco Guevara; la secretaria de Ciencia y Tecnolog\u00eda, Ing. Marita Benavente; el secretario el secretario General de la Gobernaci\u00f3n, CPN Juan Flores; y el asesor Letrado de Gobierno, Dr. Carlos Lorenzo.<\/p>\n<p>El encuentro tuvo como foco un exhaustivo an\u00e1lisis del presente provincial en este 2023 con v\u00edsperas a diagramar los objetivos para lo largo del a\u00f1o.<\/p>\n<p><iframe loading=\"lazy\" title=\"U\u00f1ac encabez\u00f3 la primera reuni\u00f3n de gabinete del 2023\" width=\"800\" height=\"450\" src=\"https:\/\/www.youtube.com\/embed\/XONjX7vYGmk?feature=oembed\" frameborder=\"0\" allow=\"accelerometer; autoplay; clipboard-write; encrypted-media; gyroscope; picture-in-picture; web-share\" allowfullscreen><\/iframe><\/p>\n<p>Al t\u00e9rmino del encuentro, el ministro de Gobierno, Dr. Alberto Hensel, brind\u00f3 detalles y destac\u00f3 que \u201cel gobernador insisti\u00f3 sobre la planificaci\u00f3n y en base a ello realizamos las revisiones peri\u00f3dicas de los cumplimientos de los objetivos trazados en esa planificaci\u00f3n\u201d.<\/p>\n<p>Adem\u00e1s destac\u00f3 la necesidad de avanzar sobre los informes con la antelaci\u00f3n suficiente para el mensaje que el Gobernador debe dar al inicio de las sesiones ordinarias de la C\u00e1mara de Diputados.<\/p>\n<p>Finalmente asegur\u00f3 que \u201clos objetivos del a\u00f1o est\u00e1n en el presupuesto. El compromiso es que la inflaci\u00f3n no le gane a los trabajadores, seguir avanzando en infraestructura donde somos la provincia que m\u00e1s casas hemos construido y podemos destacar que somos una de las provincias con menos desocupaci\u00f3n del pa\u00eds\u201d.<\/p>\n","protected":false},"excerpt":{"rendered":"<p>El gobernador de San Juan, Dr. Sergio U\u00f1ac convoc\u00f3 a la primera reuni\u00f3n de gabinete 2023 para repasar la agenda<\/p>\n","protected":false},"author":3,"featured_media":56515,"comment_status":"closed","ping_status":"closed","sticky":false,"template":"","format":"video","meta":{"_acf_changed":false,"_seopress_robots_primary_cat":"none","_seopress_titles_title":"","_seopress_titles_desc":"","_seopress_robots_index":"","colormag_page_container_layout":"default_layout","colormag_page_sidebar_layout":"default_layout","footnotes":""},"categories":[1,7],"tags":[],"class_list":["post-56512","post","type-post","status-publish","format-video","has-post-thumbnail","hentry","category-destacadas","category-videos","post_format-post-format-video"],"acf":[],"_links":{"self":[{"href":"https:\/\/vocesparalelas.com.ar\/sitio\/wp-json\/wp\/v2\/posts\/56512","targetHints":{"allow":["GET"]}}],"collection":[{"href":"https:\/\/vocesparalelas.com.ar\/sitio\/wp-json\/wp\/v2\/posts"}],"about":[{"href":"https:\/\/vocesparalelas.com.ar\/sitio\/wp-json\/wp\/v2\/types\/post"}],"author":[{"embeddable":true,"href":"https:\/\/vocesparalelas.com.ar\/sitio\/wp-json\/wp\/v2\/users\/3"}],"replies":[{"embeddable":true,"href":"https:\/\/vocesparalelas.com.ar\/sitio\/wp-json\/wp\/v2\/comments?post=56512"}],"version-history":[{"count":1,"href":"https:\/\/vocesparalelas.com.ar\/sitio\/wp-json\/wp\/v2\/posts\/56512\/revisions"}],"predecessor-version":[{"id":56516,"href":"https:\/\/vocesparalelas.com.ar\/sitio\/wp-json\/wp\/v2\/posts\/56512\/revisions\/56516"}],"wp:featuredmedia":[{"embeddable":true,"href":"https:\/\/vocesparalelas.com.ar\/sitio\/wp-json\/wp\/v2\/media\/56515"}],"wp:attachment":[{"href":"https:\/\/vocesparalelas.com.ar\/sitio\/wp-json\/wp\/v2\/media?parent=56512"}],"wp:term":[{"taxonomy":"category","embeddable":true,"href":"https:\/\/vocesparalelas.com.ar\/sitio\/wp-json\/wp\/v2\/categories?post=56512"},{"taxonomy":"post_tag","embeddable":true,"href":"https:\/\/vocesparalelas.com.ar\/sitio\/wp-json\/wp\/v2\/tags?post=56512"}],"curies":[{"name":"wp","href":"https:\/\/api.w.org\/{rel}","templated":true}]}}