{"id":56504,"date":"2023-02-09T23:39:32","date_gmt":"2023-02-10T02:39:32","guid":{"rendered":"https:\/\/vocesparalelas.com.ar\/sitio\/?p=56504"},"modified":"2023-02-10T23:18:14","modified_gmt":"2023-02-11T02:18:14","slug":"licenciaturas-y-tecnicaturas-en-actividades-deportivas","status":"publish","type":"post","link":"https:\/\/vocesparalelas.com.ar\/sitio\/licenciaturas-y-tecnicaturas-en-actividades-deportivas\/","title":{"rendered":"Licenciaturas y Tecnicaturas en Actividades Deportivas"},"content":{"rendered":"<p>A partir del Lunes, 13 de Febrero, quienes deseen iniciar una carrera universitaria vinculada a la actividad deportiva pueden registrar su postulaci\u00f3n en los formularios que se exhiben en las redes de la Secretar\u00eda de Estado de Deportes del Gobierno de San Juan.<\/p>\n<p>Quienes resulten seleccionados obtienen un beneficio econ\u00f3mico que les permite cursar, de forma accesible y a bajo costo, estudios de nivel superior. Todas las propuestas cuentan con aval Ministerio de Educaci\u00f3n y tienen validez nacional.<\/p>\n<p>Estas capacitaciones son abiertas a toda la comunidad y pueden ser cursadas de forma presencial o virtual, seg\u00fan la propuesta elegida. Es importante destacar que tambi\u00e9n la oferta educativa est\u00e1 disponible a personas de otras provincias y pa\u00edses.<\/p>\n<p>Las capacitaciones llevadas adelante por la Secretar\u00eda de Deportes vienen dando resultados ampliamente satisfactorios con los cursados anteriores y, a\u00f1o a a\u00f1o, ha superado ampliamente todas las expectativas creadas desde la implementaci\u00f3n de estas propuestas.<\/p>\n<p><span style=\"color: #339966;\"><strong>Carreras ofrecidas<\/strong><\/span><\/p>\n<p><span style=\"color: #339966;\"><strong>Tecnicatura en Pol\u00edticas Deportivas<\/strong><\/span><\/p>\n<p>El objetivo de la misma es formar t\u00e9cnicos universitarios capaces de tomar decisiones acordes a un estilo de gesti\u00f3n estrat\u00e9gica, desde una formaci\u00f3n interdisciplinaria, en el \u00e1mbito de las pol\u00edticas deportivas. Ideal para la formaci\u00f3n de dirigentes de clubes.<\/p>\n<ul>\n<li>Requisitos: Egresados de educaci\u00f3n secundaria y\/o mayores de 25 a\u00f1os<\/li>\n<li>Modalidad de cursado: Presencial (en la UCC, tres veces a la semana), con entrega de actividades virtuales a trav\u00e9s de plataforma.<\/li>\n<li>Duraci\u00f3n: 2 a\u00f1os.<\/li>\n<li>El estudiante con beneficio abonar\u00e1 cuotas mensuales a costo reducido.<\/li>\n<\/ul>\n<p><span style=\"color: #339966;\"><strong>Tecnicatura en Gu\u00eda de Monta\u00f1a<\/strong><\/span><\/p>\n<p>Se formar\u00e1n profesionales capaces de planificar y ejecutar actividades recreativas, tur\u00edsticas y de competici\u00f3n en altura, t\u00e9cnicas de rescate y rastrillaje en la monta\u00f1a.<\/p>\n<ul>\n<li>P\u00fablico objetivo: Gu\u00edas de monta\u00f1a e interesados en la tem\u00e1tica<\/li>\n<li>Requisitos: Egresados de educaci\u00f3n secundaria y\/o mayores de 25 a\u00f1os, que aprueben el examen te\u00f3rico-pr\u00e1ctico a rendir a fines de marzo y obtengan una de las 60 vacantes disponibles.<\/li>\n<li>Modalidad de cursado: Presencial (en la UCC, dos veces a la semana), con actividades de campo programadas (salidas y pernocte).<\/li>\n<li>Duraci\u00f3n: 2 \u00bd a\u00f1os.<\/li>\n<li>Todos los estudiantes cursar\u00e1n a costo reducido.<\/li>\n<\/ul>\n<p><span style=\"color: #339966;\"><strong>Licenciatura en Actividad F\u00edsica, Discapacidad e Inclusi\u00f3n<\/strong><\/span><\/p>\n<p>Se espera formar un profesional capaz de asesorar, intervenir y atender a la inclusi\u00f3n de personas con discapacidad, a partir del desarrollo de la actividad f\u00edsica entendida como una herramienta educativa, terap\u00e9utica e inclusiva que influye en la salud integral de las personas.<\/p>\n<ul>\n<li>P\u00fablico objetivo: Profesores de Educaci\u00f3n F\u00edsica, T\u00e9cnicos en Acompa\u00f1amiento Terap\u00e9utico, Profesionales de la Salud y de Humanidades interesados en la tem\u00e1tica (incluye profesores de educaci\u00f3n especial, de Nivel Inicial, Primario y de Secundario que puedan incluirse dentro del rango Humanidades)<\/li>\n<li>Requisitos: Presentaci\u00f3n de anal\u00edtico legalizado de Nivel Superior.<\/li>\n<li>Modalidad de cursado: Virtual<\/li>\n<li>Duraci\u00f3n: 2 a\u00f1os (Ciclo de complementaci\u00f3n curricular) \u2013 1600 Horas.<\/li>\n<li>El estudiante con beneficio abonar\u00e1 cuotas mensuales a costo reducido.<\/li>\n<\/ul>\n<p><span style=\"color: #339966;\"><strong>Licenciatura en Actividad F\u00edsica<\/strong><\/span><\/p>\n<p>Se busca formar profesionales capacitados para incidir y mejorar las cualidades f\u00edsicas, \u00edntimamente ligadas con el bienestar psicosocial de las personas, posibilitando un abordaje integral propendiendo a mejorar la calidad de vida de la poblaci\u00f3n, como as\u00ed tambi\u00e9n el dise\u00f1o de planes y programas destinados a poblaciones diversas, y proponer intervenciones desde una perspectiva interdisciplinaria.<\/p>\n<ul>\n<li>P\u00fablico objetivo: Profesores de Educaci\u00f3n F\u00edsica<\/li>\n<li>Requisitos: Graduados en carreras no inferiores a 1600 Horas Reloj (con presentaci\u00f3n de anal\u00edtico).<\/li>\n<li>Modalidad de cursado: Virtual<\/li>\n<li>Duraci\u00f3n: 2 a\u00f1os (Ciclo de complementaci\u00f3n curricular) \u2013 1600 Horas.<\/li>\n<li>El estudiante con beneficio abonar\u00e1 cuotas mensuales a costo reducido.<\/li>\n<\/ul>\n<p><span style=\"color: #339966;\"><strong>Licenciatura en Gesti\u00f3n Deportiva<\/strong><\/span><\/p>\n<p>Se espera formar profesionales dedicados al dise\u00f1o, ejecuci\u00f3n y evaluaci\u00f3n de planes, programas y proyectos de gesti\u00f3n de actividades deportivas, que incluye la administraci\u00f3n de recursos humanos y materiales, la implementaci\u00f3n de pr\u00e1cticas innovadoras, de investigaci\u00f3n y la formulaci\u00f3n de pol\u00edticas deportivas.<\/p>\n<ul>\n<li>P\u00fablico objetivo: Profesores de Educaci\u00f3n F\u00edsica y carreras de formaci\u00f3n human\u00edstica<\/li>\n<li>Requisitos: Graduados en carreras no inferiores a 1600 Horas Reloj (con presentaci\u00f3n de anal\u00edtico).<\/li>\n<li>Modalidad de cursado: Virtual<\/li>\n<li>Duraci\u00f3n: 2 a\u00f1os (Ciclo de complementaci\u00f3n curricular) \u2013 1600 Horas.<\/li>\n<li>El estudiante con beneficio abona cuotas mensuales a costo reducido.<\/li>\n<\/ul>\n<p>Habr\u00e1 tiempo hasta el Viernes, 24 de Febrero para presentar la postulaci\u00f3n, a trav\u00e9s del link que est\u00e1 disponible en las redes sociales de Secretar\u00eda de Deportes.<\/p>\n<p>Por mayor informaci\u00f3n, podes comunicarte al siguiente correo: <span id=\"cloak60cdf1a92fa29d6196f402b0306cf2eb\"><a href=\"mailto:universitaria.secdep@gmail.com\">universitaria.secdep@gmail.com<\/a><\/span><\/p>\n<p>&nbsp;<\/p>\n<p><img loading=\"lazy\" decoding=\"async\" class=\"alignnone size-large wp-image-20251\" src=\"https:\/\/vocesparalelas.com.ar\/sitio\/wp-content\/uploads\/2019\/04\/UCCUYO-FRENTE-01-800x600.jpg\" alt=\"\" width=\"800\" height=\"600\" srcset=\"https:\/\/vocesparalelas.com.ar\/sitio\/wp-content\/uploads\/2019\/04\/UCCUYO-FRENTE-01-800x600.jpg 800w, https:\/\/vocesparalelas.com.ar\/sitio\/wp-content\/uploads\/2019\/04\/UCCUYO-FRENTE-01-300x225.jpg 300w, https:\/\/vocesparalelas.com.ar\/sitio\/wp-content\/uploads\/2019\/04\/UCCUYO-FRENTE-01-768x576.jpg 768w, https:\/\/vocesparalelas.com.ar\/sitio\/wp-content\/uploads\/2019\/04\/UCCUYO-FRENTE-01.jpg 1000w\" sizes=\"auto, (max-width: 800px) 100vw, 800px\" \/><\/p>\n","protected":false},"excerpt":{"rendered":"<p>A partir del Lunes, 13 de Febrero, quienes deseen iniciar una carrera universitaria vinculada a la actividad deportiva pueden registrar<\/p>\n","protected":false},"author":3,"featured_media":45511,"comment_status":"closed","ping_status":"closed","sticky":false,"template":"","format":"standard","meta":{"_acf_changed":false,"_seopress_robots_primary_cat":"none","_seopress_titles_title":"","_seopress_titles_desc":"","_seopress_robots_index":"","colormag_page_container_layout":"default_layout","colormag_page_sidebar_layout":"default_layout","footnotes":""},"categories":[9],"tags":[],"class_list":["post-56504","post","type-post","status-publish","format-standard","has-post-thumbnail","hentry","category-cursos"],"acf":[],"_links":{"self":[{"href":"https:\/\/vocesparalelas.com.ar\/sitio\/wp-json\/wp\/v2\/posts\/56504","targetHints":{"allow":["GET"]}}],"collection":[{"href":"https:\/\/vocesparalelas.com.ar\/sitio\/wp-json\/wp\/v2\/posts"}],"about":[{"href":"https:\/\/vocesparalelas.com.ar\/sitio\/wp-json\/wp\/v2\/types\/post"}],"author":[{"embeddable":true,"href":"https:\/\/vocesparalelas.com.ar\/sitio\/wp-json\/wp\/v2\/users\/3"}],"replies":[{"embeddable":true,"href":"https:\/\/vocesparalelas.com.ar\/sitio\/wp-json\/wp\/v2\/comments?post=56504"}],"version-history":[{"count":1,"href":"https:\/\/vocesparalelas.com.ar\/sitio\/wp-json\/wp\/v2\/posts\/56504\/revisions"}],"predecessor-version":[{"id":56507,"href":"https:\/\/vocesparalelas.com.ar\/sitio\/wp-json\/wp\/v2\/posts\/56504\/revisions\/56507"}],"wp:featuredmedia":[{"embeddable":true,"href":"https:\/\/vocesparalelas.com.ar\/sitio\/wp-json\/wp\/v2\/media\/45511"}],"wp:attachment":[{"href":"https:\/\/vocesparalelas.com.ar\/sitio\/wp-json\/wp\/v2\/media?parent=56504"}],"wp:term":[{"taxonomy":"category","embeddable":true,"href":"https:\/\/vocesparalelas.com.ar\/sitio\/wp-json\/wp\/v2\/categories?post=56504"},{"taxonomy":"post_tag","embeddable":true,"href":"https:\/\/vocesparalelas.com.ar\/sitio\/wp-json\/wp\/v2\/tags?post=56504"}],"curies":[{"name":"wp","href":"https:\/\/api.w.org\/{rel}","templated":true}]}}