{"id":56495,"date":"2023-02-09T21:17:09","date_gmt":"2023-02-10T00:17:09","guid":{"rendered":"https:\/\/vocesparalelas.com.ar\/sitio\/?p=56495"},"modified":"2023-02-09T21:17:09","modified_gmt":"2023-02-10T00:17:09","slug":"fallecio-el-ex-rector-de-la-unsj-dr-antonio-lloveras","status":"publish","type":"post","link":"https:\/\/vocesparalelas.com.ar\/sitio\/fallecio-el-ex-rector-de-la-unsj-dr-antonio-lloveras\/","title":{"rendered":"Falleci\u00f3 el ex rector de la UNSJ, Dr. Antonio Lloveras"},"content":{"rendered":"<p>El rector y la vicerrectora de la Universidad Nacional de San Juan, Ing. Tadeo Berenguer y la Dra. Anal\u00eda Ponce, lamentan, junto a la comunidad universitaria, el fallecimiento del ex rector Dr. Antonio Rodolfo Lloveras, quien ejerciera su cargo en 1975 y renunciara un a\u00f1o despu\u00e9s, cuando la \u00faltima dictadura c\u00edvico militar tom\u00f3 el poder en la Argentina. \u201cMe pidieron que fuera rector interventor en la Universidad Nacional de San Juan, que reci\u00e9n se estaba organizando. Me designaron en ese cargo y le puso t\u00e9rmino el militarismo en el 76\u201d, record\u00f3 el ex Rector en una entrevista realizada en 2022 desde la Secretar\u00eda de Comunicaci\u00f3n de la UNSJ.<\/p>\n<p>Antonio Lloveras naci\u00f3 el 17 de septiembre de 1930, en Buenos Aires, pero lleg\u00f3 a esta provincia a muy corta edad, por lo que se asum\u00eda como sanjuanino. Posteriormente, estudi\u00f3 en C\u00f3rdoba Derecho y se recibi\u00f3 alrededor de 1952. Como hombre del Derecho, estuvo trabajando en J\u00e1chal y luego lo trasladaron a la ciudad de San Juan, al Segundo Juzgado en lo Civil y Comercial, donde fue juez. Despu\u00e9s fue nombrado camarista en lo Civil y Comercial. Antes de ser Rector de la UNSJ, hab\u00eda sido Decano y Vicedecano de la Facultad de Derecho de la Universidad Cat\u00f3lica.<\/p>\n<p>En relaci\u00f3n a cuando fue Rector de la UNSJ, rememor\u00f3 que \u00abnosotros organizamos toda la estructura de Facultades de la Universidad y sancionamos el Estatuto. En gran medida, yo redact\u00e9 el Estatuto de la Universidad\u201c. Tambi\u00e9n evoc\u00f3 la idea de la Ciudad Universitaria, que luego devino en el actual Complejo Universitario Islas Malvinas &#8211; CUIM &#8211; de la UNSJ, en el Departamento Rivadavia. \u201cNaci\u00f3 la idea de la Ciudad Universitaria en Rivadavia por la necesidad de expansi\u00f3n de la Universidad, por los n\u00fameros de Facultades y de carreras, por el incremento de la matr\u00edcula\u201d.<\/p>\n<p>Luego de su renuncia retom\u00f3 la profesi\u00f3n de abogado y fue hasta el final de sus d\u00edas militante del Partido Justicialista. \u201cQue se persiga con la pol\u00edtica la felicidad del pueblo y la grandeza de la Patria. Eso debe prevalecer sobre cualquier otro inter\u00e9s. Esto sigue siendo la bandera principal, la que hay que tener en cuenta siempre\u201d, hab\u00eda expresado Antonio Lloveras.<\/p>\n<p>Sus restos son velados desde el Jueves, 9 de Febrero, a partir de las 22.30 hs.; hasta el Viernes, 10 de Febrero, a las 11 hs, en Cocher\u00eda San Juan, en General Acha 1131 &#8211; S &#8211; Capital. Son sepultados en el Cementerio de Capital.<\/p>\n","protected":false},"excerpt":{"rendered":"<p>El rector y la vicerrectora de la Universidad Nacional de San Juan, Ing. Tadeo Berenguer y la Dra. Anal\u00eda Ponce,<\/p>\n","protected":false},"author":3,"featured_media":56498,"comment_status":"closed","ping_status":"closed","sticky":false,"template":"","format":"standard","meta":{"_acf_changed":false,"_seopress_robots_primary_cat":"none","_seopress_titles_title":"","_seopress_titles_desc":"","_seopress_robots_index":"","colormag_page_container_layout":"default_layout","colormag_page_sidebar_layout":"default_layout","footnotes":""},"categories":[1],"tags":[],"class_list":["post-56495","post","type-post","status-publish","format-standard","has-post-thumbnail","hentry","category-destacadas"],"acf":[],"_links":{"self":[{"href":"https:\/\/vocesparalelas.com.ar\/sitio\/wp-json\/wp\/v2\/posts\/56495","targetHints":{"allow":["GET"]}}],"collection":[{"href":"https:\/\/vocesparalelas.com.ar\/sitio\/wp-json\/wp\/v2\/posts"}],"about":[{"href":"https:\/\/vocesparalelas.com.ar\/sitio\/wp-json\/wp\/v2\/types\/post"}],"author":[{"embeddable":true,"href":"https:\/\/vocesparalelas.com.ar\/sitio\/wp-json\/wp\/v2\/users\/3"}],"replies":[{"embeddable":true,"href":"https:\/\/vocesparalelas.com.ar\/sitio\/wp-json\/wp\/v2\/comments?post=56495"}],"version-history":[{"count":1,"href":"https:\/\/vocesparalelas.com.ar\/sitio\/wp-json\/wp\/v2\/posts\/56495\/revisions"}],"predecessor-version":[{"id":56499,"href":"https:\/\/vocesparalelas.com.ar\/sitio\/wp-json\/wp\/v2\/posts\/56495\/revisions\/56499"}],"wp:featuredmedia":[{"embeddable":true,"href":"https:\/\/vocesparalelas.com.ar\/sitio\/wp-json\/wp\/v2\/media\/56498"}],"wp:attachment":[{"href":"https:\/\/vocesparalelas.com.ar\/sitio\/wp-json\/wp\/v2\/media?parent=56495"}],"wp:term":[{"taxonomy":"category","embeddable":true,"href":"https:\/\/vocesparalelas.com.ar\/sitio\/wp-json\/wp\/v2\/categories?post=56495"},{"taxonomy":"post_tag","embeddable":true,"href":"https:\/\/vocesparalelas.com.ar\/sitio\/wp-json\/wp\/v2\/tags?post=56495"}],"curies":[{"name":"wp","href":"https:\/\/api.w.org\/{rel}","templated":true}]}}