{"id":56491,"date":"2023-02-09T20:43:57","date_gmt":"2023-02-09T23:43:57","guid":{"rendered":"https:\/\/vocesparalelas.com.ar\/sitio\/?p=56491"},"modified":"2023-02-10T22:22:28","modified_gmt":"2023-02-11T01:22:28","slug":"creciendo-juntos-canjea-un-arbol-por-cada-bebe-que-nazca-en-san-juan","status":"publish","type":"post","link":"https:\/\/vocesparalelas.com.ar\/sitio\/creciendo-juntos-canjea-un-arbol-por-cada-bebe-que-nazca-en-san-juan\/","title":{"rendered":"\u00abCreciendo Juntos\u00bb canjea un \u00e1rbol por cada beb\u00e9 que nazca en San Juan"},"content":{"rendered":"<p>La Secretar\u00eda de Estado de Ambiente del Gobierno de San Juan se suma a la iniciativa del Sanatorio Argentino para poner en funcionamiento un nuevo programa de concientizaci\u00f3n sobre el cuidado de los recursos naturales.<\/p>\n<p>La iniciativa se denomina Creciendo Juntos, y consiste en la entrega de un Boucher a la mam\u00e1 de cada beb\u00e9 que nazca en el Sanatorio Argentino para canjear por un \u00e1rbol, as\u00ed como tambi\u00e9n entradas para visitar el Centro Educativo Ambiental Anchipurac, dependiente de la Secretar\u00eda de Estado de Ambiente.<\/p>\n<p>El objetivo planteado en este programa es que cada familia cuide al \u00e1rbol con el mismo compromiso que le brindar\u00e1 al cuidado y crianza de su hijo, y as\u00ed de esta manera, verlo crecer junto a su beb\u00e9. Adem\u00e1s, se motiva a que cada integrante aprenda sobre el cuidado de los recursos naturales y la disminuci\u00f3n de la huella de carbono generada.<\/p>\n<p>Esta es una iniciativa de gran inter\u00e9s ambiental por lo que representan los \u00e1rboles, los servicios ecosist\u00e9micos que brindan y por ser un fant\u00e1stico mecanismo de captaci\u00f3n de di\u00f3xido de carbono en el contexto del cambio clim\u00e1tico, como purificar el aire, ser h\u00e1bitat de especies de aves e insectos, dar sombra, ayudar a regular el clima y a fijar el suelo, entre muchos otros.<\/p>\n<p>Los interesados en ser parte del programa Creciendo Juntos pueden inscribirse en<\/p>\n<p><a href=\"https:\/\/docs.google.com\/forms\/d\/e\/1FAIpQLSdExY1UycbaeLN7jZD0mEBCDLvCHggY_8_TV__cpxJ8ELv52A\/viewform\">https:\/\/docs.google.com\/forms\/d\/e\/1FAIpQLSdExY1UycbaeLN7jZD0mEBCDLvCHggY_8_TV__cpxJ8ELv52A\/viewform<\/a><\/p>\n","protected":false},"excerpt":{"rendered":"<p>La Secretar\u00eda de Estado de Ambiente del Gobierno de San Juan se suma a la iniciativa del Sanatorio Argentino para<\/p>\n","protected":false},"author":3,"featured_media":37935,"comment_status":"closed","ping_status":"closed","sticky":false,"template":"","format":"standard","meta":{"_acf_changed":false,"_seopress_robots_primary_cat":"none","_seopress_titles_title":"","_seopress_titles_desc":"","_seopress_robots_index":"","colormag_page_container_layout":"default_layout","colormag_page_sidebar_layout":"default_layout","footnotes":""},"categories":[6],"tags":[],"class_list":["post-56491","post","type-post","status-publish","format-standard","has-post-thumbnail","hentry","category-eventos"],"acf":[],"_links":{"self":[{"href":"https:\/\/vocesparalelas.com.ar\/sitio\/wp-json\/wp\/v2\/posts\/56491","targetHints":{"allow":["GET"]}}],"collection":[{"href":"https:\/\/vocesparalelas.com.ar\/sitio\/wp-json\/wp\/v2\/posts"}],"about":[{"href":"https:\/\/vocesparalelas.com.ar\/sitio\/wp-json\/wp\/v2\/types\/post"}],"author":[{"embeddable":true,"href":"https:\/\/vocesparalelas.com.ar\/sitio\/wp-json\/wp\/v2\/users\/3"}],"replies":[{"embeddable":true,"href":"https:\/\/vocesparalelas.com.ar\/sitio\/wp-json\/wp\/v2\/comments?post=56491"}],"version-history":[{"count":1,"href":"https:\/\/vocesparalelas.com.ar\/sitio\/wp-json\/wp\/v2\/posts\/56491\/revisions"}],"predecessor-version":[{"id":56494,"href":"https:\/\/vocesparalelas.com.ar\/sitio\/wp-json\/wp\/v2\/posts\/56491\/revisions\/56494"}],"wp:featuredmedia":[{"embeddable":true,"href":"https:\/\/vocesparalelas.com.ar\/sitio\/wp-json\/wp\/v2\/media\/37935"}],"wp:attachment":[{"href":"https:\/\/vocesparalelas.com.ar\/sitio\/wp-json\/wp\/v2\/media?parent=56491"}],"wp:term":[{"taxonomy":"category","embeddable":true,"href":"https:\/\/vocesparalelas.com.ar\/sitio\/wp-json\/wp\/v2\/categories?post=56491"},{"taxonomy":"post_tag","embeddable":true,"href":"https:\/\/vocesparalelas.com.ar\/sitio\/wp-json\/wp\/v2\/tags?post=56491"}],"curies":[{"name":"wp","href":"https:\/\/api.w.org\/{rel}","templated":true}]}}