{"id":56486,"date":"2023-02-09T20:24:01","date_gmt":"2023-02-09T23:24:01","guid":{"rendered":"https:\/\/vocesparalelas.com.ar\/sitio\/?p=56486"},"modified":"2023-02-09T20:24:01","modified_gmt":"2023-02-09T23:24:01","slug":"avanza-el-proyecto-de-obra-de-la-ciudad-judicial-de-san-juan","status":"publish","type":"post","link":"https:\/\/vocesparalelas.com.ar\/sitio\/avanza-el-proyecto-de-obra-de-la-ciudad-judicial-de-san-juan\/","title":{"rendered":"Avanza el proyecto de Obra de la Ciudad Judicial de San Juan"},"content":{"rendered":"<p>El gobernador de San Juan, Dr. Sergio U\u00f1ac mantuvo una reuni\u00f3n con el ministro de Obras P\u00fablicas de la Naci\u00f3n, Dr. Gabriel Katopodis. En la misma se aprob\u00f3 y se consigui\u00f3 el compromiso por parte del ente nacional de financiar el 50% de la futura Ciudad Judicial.<\/p>\n<p>El ministro de Obras y Servicios P\u00fablicos, Ing. Julio Ortiz Andino, y el secretario de Obras P\u00fablicas de la Naci\u00f3n, Arq. Carlos Rodr\u00edguez, participaron del encuentro para la obra que estar\u00e1 emplazada en Sargento Cabral y Scalabrini Ortiz, Departamento Capital de San Juan.<\/p>\n<p>Tras el encuentro, el Ing. Ortiz Andino asegur\u00f3 que \u00abhab\u00edamos iniciado el pedido por el proyecto de la Ciudad Judicial y cont\u00e1bamos con el visto bueno general. Desde Naci\u00f3n nos pidieron que carg\u00e1ramos el proyecto a un sistema inform\u00e1tico con el que cuentan, lo hicimos y ya fue aprobado\u00bb.<\/p>\n<p>En ese sentido, el titular de la cartera de Obras provincial detall\u00f3 que \u00abse aprob\u00f3 y se comprometi\u00f3 el 50% de la primera parte de la obra. El 50% restante estar\u00e1 a cargo del Poder Judicial\u00bb, adem\u00e1s cont\u00f3 que \u00aben los pr\u00f3ximos 15 d\u00edas nos dar\u00edan la No Objeci\u00f3n T\u00e9cnica para hacer el llamado a licitaci\u00f3n de esta obra tan importante para San Juan\u00bb.<\/p>\n<p>La obra de la Ciudad Judicial, ya que posee proyecto ejecutivo, tiene como objetivo la renovaci\u00f3n edilicia del Poder Judicial para concentrar en un solo lugar a los distintos organismos que hoy est\u00e1n diseminados por el microcentro.<\/p>\n","protected":false},"excerpt":{"rendered":"<p>El gobernador de San Juan, Dr. Sergio U\u00f1ac mantuvo una reuni\u00f3n con el ministro de Obras P\u00fablicas de la Naci\u00f3n,<\/p>\n","protected":false},"author":3,"featured_media":56489,"comment_status":"closed","ping_status":"closed","sticky":false,"template":"","format":"standard","meta":{"_acf_changed":false,"_seopress_robots_primary_cat":"none","_seopress_titles_title":"","_seopress_titles_desc":"","_seopress_robots_index":"","colormag_page_container_layout":"default_layout","colormag_page_sidebar_layout":"default_layout","footnotes":""},"categories":[1],"tags":[],"class_list":["post-56486","post","type-post","status-publish","format-standard","has-post-thumbnail","hentry","category-destacadas"],"acf":[],"_links":{"self":[{"href":"https:\/\/vocesparalelas.com.ar\/sitio\/wp-json\/wp\/v2\/posts\/56486","targetHints":{"allow":["GET"]}}],"collection":[{"href":"https:\/\/vocesparalelas.com.ar\/sitio\/wp-json\/wp\/v2\/posts"}],"about":[{"href":"https:\/\/vocesparalelas.com.ar\/sitio\/wp-json\/wp\/v2\/types\/post"}],"author":[{"embeddable":true,"href":"https:\/\/vocesparalelas.com.ar\/sitio\/wp-json\/wp\/v2\/users\/3"}],"replies":[{"embeddable":true,"href":"https:\/\/vocesparalelas.com.ar\/sitio\/wp-json\/wp\/v2\/comments?post=56486"}],"version-history":[{"count":1,"href":"https:\/\/vocesparalelas.com.ar\/sitio\/wp-json\/wp\/v2\/posts\/56486\/revisions"}],"predecessor-version":[{"id":56490,"href":"https:\/\/vocesparalelas.com.ar\/sitio\/wp-json\/wp\/v2\/posts\/56486\/revisions\/56490"}],"wp:featuredmedia":[{"embeddable":true,"href":"https:\/\/vocesparalelas.com.ar\/sitio\/wp-json\/wp\/v2\/media\/56489"}],"wp:attachment":[{"href":"https:\/\/vocesparalelas.com.ar\/sitio\/wp-json\/wp\/v2\/media?parent=56486"}],"wp:term":[{"taxonomy":"category","embeddable":true,"href":"https:\/\/vocesparalelas.com.ar\/sitio\/wp-json\/wp\/v2\/categories?post=56486"},{"taxonomy":"post_tag","embeddable":true,"href":"https:\/\/vocesparalelas.com.ar\/sitio\/wp-json\/wp\/v2\/tags?post=56486"}],"curies":[{"name":"wp","href":"https:\/\/api.w.org\/{rel}","templated":true}]}}