{"id":56482,"date":"2023-02-09T20:02:57","date_gmt":"2023-02-09T23:02:57","guid":{"rendered":"https:\/\/vocesparalelas.com.ar\/sitio\/?p=56482"},"modified":"2023-02-10T22:23:58","modified_gmt":"2023-02-11T01:23:58","slug":"programa-ciencia-y-tecnologia-para-la-economia-popular-de-san-juan","status":"publish","type":"post","link":"https:\/\/vocesparalelas.com.ar\/sitio\/programa-ciencia-y-tecnologia-para-la-economia-popular-de-san-juan\/","title":{"rendered":"Programa Ciencia y Tecnolog\u00eda para la Econom\u00eda Popular de San Juan"},"content":{"rendered":"<p>El Gobierno de San Juan contin\u00faa potenciando las actividades de la econom\u00eda popular, asistiendo al despegue de este sector en la provincia.<\/p>\n<p>Los objetivos de este programa son financiar la aplicaci\u00f3n de conocimientos t\u00e9cnicos, desarrollos tecnol\u00f3gicos y asesoramiento t\u00e9cnico-profesional, que resuelva problem\u00e1ticas socio productivas del sector de la econom\u00eda popular, adem\u00e1s vincular actores e instituciones del sistema cient\u00edfico y tecnol\u00f3gico local, al sector de la Econom\u00eda Popular, y potenciar circuitos de producci\u00f3n local e innovaci\u00f3n social.<\/p>\n<p><span style=\"color: #339966;\"><strong>Beneficiarios<\/strong><\/span><\/p>\n<ul>\n<li>Emprendedores sociales inscriptos en el Programa Provincial Hilar San Juan.<\/li>\n<li>Trabajadores de la Econom\u00eda Popular inscriptos en el Registro Nacional de Trabajadores de la Econom\u00eda Popular (ReNaTEP).<\/li>\n<li>Asociaciones civiles.<\/li>\n<li>Mutuales.<\/li>\n<li>Cooperativas.<\/li>\n<li>Comunidades de Pueblos Originarios.<\/li>\n<\/ul>\n<p><span style=\"color: #339966;\"><strong>Equipo de trabajo<\/strong><\/span><\/p>\n<p>Un coordinador y un vicecoordinador perteneciente al proyecto socio productivo y el asesoramiento t\u00e9cnico de al menos un integrante del sistema cient\u00edfico tecnol\u00f3gico, profesional o t\u00e9cnico id\u00f3neo.<\/p>\n<p><span style=\"color: #339966;\"><strong>Financiamiento<\/strong><\/span><\/p>\n<p>$800.000.- para emprendedores sociales del programa Hilar San Juan, trabajadores inscriptos en el ReNaTEP, mutuales, asociaciones civiles y comunidades de pueblos originarios.<\/p>\n<p>$1.200.000.- para cooperativas.<\/p>\n<p><span style=\"color: #339966;\"><strong>Plazos<\/strong><\/span><\/p>\n<p>El Programa CITEP, es de ventanilla permanente.<\/p>\n<p><span style=\"color: #339966;\"><strong>Consultas<\/strong><\/span><\/p>\n<p>Correo electr\u00f3nico\u00a0<span id=\"cloak782df6e7ed6bc7ad2b79126ad9c56d81\"><a href=\"mailto:vinculaciontecnologica@sanjuan.gov.ar\">vinculaciontecnologica@sanjuan.gov.ar<\/a><\/span><\/p>\n","protected":false},"excerpt":{"rendered":"<p>El Gobierno de San Juan contin\u00faa potenciando las actividades de la econom\u00eda popular, asistiendo al despegue de este sector en<\/p>\n","protected":false},"author":3,"featured_media":16160,"comment_status":"closed","ping_status":"closed","sticky":false,"template":"","format":"standard","meta":{"_acf_changed":false,"_seopress_robots_primary_cat":"none","_seopress_titles_title":"","_seopress_titles_desc":"","_seopress_robots_index":"","colormag_page_container_layout":"default_layout","colormag_page_sidebar_layout":"default_layout","footnotes":""},"categories":[2],"tags":[],"class_list":["post-56482","post","type-post","status-publish","format-standard","has-post-thumbnail","hentry","category-convocatorias"],"acf":[],"_links":{"self":[{"href":"https:\/\/vocesparalelas.com.ar\/sitio\/wp-json\/wp\/v2\/posts\/56482","targetHints":{"allow":["GET"]}}],"collection":[{"href":"https:\/\/vocesparalelas.com.ar\/sitio\/wp-json\/wp\/v2\/posts"}],"about":[{"href":"https:\/\/vocesparalelas.com.ar\/sitio\/wp-json\/wp\/v2\/types\/post"}],"author":[{"embeddable":true,"href":"https:\/\/vocesparalelas.com.ar\/sitio\/wp-json\/wp\/v2\/users\/3"}],"replies":[{"embeddable":true,"href":"https:\/\/vocesparalelas.com.ar\/sitio\/wp-json\/wp\/v2\/comments?post=56482"}],"version-history":[{"count":1,"href":"https:\/\/vocesparalelas.com.ar\/sitio\/wp-json\/wp\/v2\/posts\/56482\/revisions"}],"predecessor-version":[{"id":56485,"href":"https:\/\/vocesparalelas.com.ar\/sitio\/wp-json\/wp\/v2\/posts\/56482\/revisions\/56485"}],"wp:featuredmedia":[{"embeddable":true,"href":"https:\/\/vocesparalelas.com.ar\/sitio\/wp-json\/wp\/v2\/media\/16160"}],"wp:attachment":[{"href":"https:\/\/vocesparalelas.com.ar\/sitio\/wp-json\/wp\/v2\/media?parent=56482"}],"wp:term":[{"taxonomy":"category","embeddable":true,"href":"https:\/\/vocesparalelas.com.ar\/sitio\/wp-json\/wp\/v2\/categories?post=56482"},{"taxonomy":"post_tag","embeddable":true,"href":"https:\/\/vocesparalelas.com.ar\/sitio\/wp-json\/wp\/v2\/tags?post=56482"}],"curies":[{"name":"wp","href":"https:\/\/api.w.org\/{rel}","templated":true}]}}