{"id":56478,"date":"2023-02-09T19:54:17","date_gmt":"2023-02-09T22:54:17","guid":{"rendered":"https:\/\/vocesparalelas.com.ar\/sitio\/?p=56478"},"modified":"2023-02-10T22:23:09","modified_gmt":"2023-02-11T01:23:09","slug":"cronograma-de-inscripcion-anual-y-complementaria-2023-para-la-junta-rama-media-y-superior-de-san-juan","status":"publish","type":"post","link":"https:\/\/vocesparalelas.com.ar\/sitio\/cronograma-de-inscripcion-anual-y-complementaria-2023-para-la-junta-rama-media-y-superior-de-san-juan\/","title":{"rendered":"Cronograma de inscripci\u00f3n anual y complementaria 2023 para la Junta Rama Media y Superior de San Juan"},"content":{"rendered":"<p>La Junta de Clasificaci\u00f3n Rama Media y Superior del Ministerio de Educaci\u00f3n del Gobierno de San Juan\u00a0 inform\u00f3 el cronograma de actividades de finalizaci\u00f3n de inscripci\u00f3n anual para el Ciclo Lectivo 2023.<\/p>\n<ul>\n<li>Entrega de Carnets y Notificaci\u00f3n de Listados Provisorios para Cargos de Ascenso: a partir del 15 de febrero de 2023.<\/li>\n<li>Periodo de Apelaciones: 15 de Febrero al 2 de Marzo de 2023, comprende 10 d\u00edas h\u00e1biles seg\u00fan Resoluci\u00f3n 1848-ME-2010).<\/li>\n<\/ul>\n<p><span style=\"color: #339966;\"><strong>Inscripci\u00f3n Complementaria<\/strong>\u00a0<strong>de marzo para el Ciclo Lectivo 2023<\/strong><\/span><\/p>\n<p>Desde el 01 al 31 de Marzo de 2023, para quienes se encuentren encuadrados en la Resoluci\u00f3n 1848-ME-2010.<\/p>\n<p>Aspirantes que obtuvieron su t\u00edtulo con posterioridad al 30 de junio de 2022.<\/p>\n<p>Aspirantes que estaban fuera de la provincia durante el mes de junio de 2022 (que sea certificado fehacientemente).<\/p>\n<ul>\n<li>Entrega de Carnets de la Inscripci\u00f3n Complementaria de marzo 2023: desde el 10 de abril 2023.<\/li>\n<li>Per\u00edodo de Apelaciones correspondiente a la Inscripci\u00f3n Complementaria de marzo<\/li>\n<\/ul>\n<p>2023: del 10 al 21 de abril de 2023 (10 d\u00edas h\u00e1biles seg\u00fan Resoluci\u00f3n 1848- ME-2010).<\/p>\n<ul>\n<li>Entrega de Listados Definitivos para Cargos de Ascenso: 24 de abril de 2023.<\/li>\n<\/ul>\n<p><span style=\"color: #339966;\"><strong>Procedimiento de inscripci\u00f3n<\/strong><\/span><\/p>\n<ul>\n<li>Asistir a la sede de Junta para la presentaci\u00f3n de la documentaci\u00f3n, durante el mes de Marzo, de Lunes a Viernes, de 8 a 16 horas.<\/li>\n<li>Si el aspirante no puede asistir personalmente, la inscripci\u00f3n puede ser realizada por un tercero de su absoluta confianza autorizado por \u00e9l, quien deber\u00e1 presentarse con DNI.<\/li>\n<\/ul>\n<p><span style=\"color: #339966;\"><strong>Documentaci\u00f3n a presentar<\/strong><\/span><\/p>\n<p>Formulario de inscripci\u00f3n, le es entregado en Junta.<\/p>\n<p>T\u00edtulos debidamente registrados y legalizados<\/p>\n<ul>\n<li>La Junta entrega un comprobante de inscripci\u00f3n acreditando fecha.<\/li>\n<\/ul>\n<p><strong><span style=\"color: #339966;\">Requisitos de Inscripci\u00f3n seg\u00fan Resoluci\u00f3n N\u00ba 1848-ME-2010 y su ampliatoria Resoluci\u00f3n N\u00ba 4559-ME-2015<\/span><\/strong><\/p>\n<p><span style=\"color: #339966;\"><strong>Quienes se inscriben por primera vez deben presentar:<\/strong><\/span><\/p>\n<ul>\n<li>Carpeta de cartulina tipo espiral tama\u00f1o oficio.<\/li>\n<li>Fotocopia legalizada del DNI, cara y contracara.<\/li>\n<li>Fotocopia legalizada del t\u00edtulo secundario registrado.<\/li>\n<li>Fotocopia legalizada del t\u00edtulo superior registrado o certificado provisorio del mismo, firmado por autoridad competente donde conste la fecha de egreso.<\/li>\n<\/ul>\n<p><span style=\"color: #339966;\"><strong>Quienes ya poseen carpeta en Junta:<\/strong><\/span><\/p>\n<ul>\n<li>En caso que el docente presenta un nuevo T\u00edtulo debe estar registrado y legalizado por el Ministerio de Educaci\u00f3n.<\/li>\n<li>En caso de no tener el Titulo Definitivo, se recibe el certificado provisorio original firmado por autoridad competente donde conste fecha de egreso.<\/li>\n<\/ul>\n<p><span style=\"color: #339966;\"><strong>Horario de atenci\u00f3n<\/strong><\/span><\/p>\n<p>A partir del 15 de Febrero, el horario de atenci\u00f3n al p\u00fablico es de Lunes a Viernes, de 8 a 16 horas, en Laprida 372 &#8211; E &#8211; Capital.<\/p>\n<p>Por consultas o mayor informaci\u00f3n comunicarse de 8 a 16 horas al 4307982.<\/p>\n","protected":false},"excerpt":{"rendered":"<p>La Junta de Clasificaci\u00f3n Rama Media y Superior del Ministerio de Educaci\u00f3n del Gobierno de San Juan\u00a0 inform\u00f3 el cronograma<\/p>\n","protected":false},"author":3,"featured_media":28823,"comment_status":"closed","ping_status":"closed","sticky":false,"template":"","format":"standard","meta":{"_acf_changed":false,"_seopress_robots_primary_cat":"none","_seopress_titles_title":"","_seopress_titles_desc":"","_seopress_robots_index":"","colormag_page_container_layout":"default_layout","colormag_page_sidebar_layout":"default_layout","footnotes":""},"categories":[5],"tags":[],"class_list":["post-56478","post","type-post","status-publish","format-standard","has-post-thumbnail","hentry","category-ofrecimientos"],"acf":[],"_links":{"self":[{"href":"https:\/\/vocesparalelas.com.ar\/sitio\/wp-json\/wp\/v2\/posts\/56478","targetHints":{"allow":["GET"]}}],"collection":[{"href":"https:\/\/vocesparalelas.com.ar\/sitio\/wp-json\/wp\/v2\/posts"}],"about":[{"href":"https:\/\/vocesparalelas.com.ar\/sitio\/wp-json\/wp\/v2\/types\/post"}],"author":[{"embeddable":true,"href":"https:\/\/vocesparalelas.com.ar\/sitio\/wp-json\/wp\/v2\/users\/3"}],"replies":[{"embeddable":true,"href":"https:\/\/vocesparalelas.com.ar\/sitio\/wp-json\/wp\/v2\/comments?post=56478"}],"version-history":[{"count":1,"href":"https:\/\/vocesparalelas.com.ar\/sitio\/wp-json\/wp\/v2\/posts\/56478\/revisions"}],"predecessor-version":[{"id":56481,"href":"https:\/\/vocesparalelas.com.ar\/sitio\/wp-json\/wp\/v2\/posts\/56478\/revisions\/56481"}],"wp:featuredmedia":[{"embeddable":true,"href":"https:\/\/vocesparalelas.com.ar\/sitio\/wp-json\/wp\/v2\/media\/28823"}],"wp:attachment":[{"href":"https:\/\/vocesparalelas.com.ar\/sitio\/wp-json\/wp\/v2\/media?parent=56478"}],"wp:term":[{"taxonomy":"category","embeddable":true,"href":"https:\/\/vocesparalelas.com.ar\/sitio\/wp-json\/wp\/v2\/categories?post=56478"},{"taxonomy":"post_tag","embeddable":true,"href":"https:\/\/vocesparalelas.com.ar\/sitio\/wp-json\/wp\/v2\/tags?post=56478"}],"curies":[{"name":"wp","href":"https:\/\/api.w.org\/{rel}","templated":true}]}}