{"id":56461,"date":"2023-02-08T22:52:34","date_gmt":"2023-02-09T01:52:34","guid":{"rendered":"https:\/\/vocesparalelas.com.ar\/sitio\/?p=56461"},"modified":"2023-02-09T00:52:48","modified_gmt":"2023-02-09T03:52:48","slug":"un-caso-de-meningitis-bacteriana-en-san-juan","status":"publish","type":"post","link":"https:\/\/vocesparalelas.com.ar\/sitio\/un-caso-de-meningitis-bacteriana-en-san-juan\/","title":{"rendered":"Un caso de Meningitis Bacteriana en San Juan"},"content":{"rendered":"<p>El Ministerio de Salud P\u00fablica del Gobierno de San Juan, a trav\u00e9s de la Divisi\u00f3n Epidemiolog\u00eda informa un caso de Meningitis Bacteriana en una paciente de 36 d\u00edas de vida, prematura, del Departamento Pocito, que se encuentra internada en la Unidad de Terapia Intensiva Pedi\u00e1trica del Hospital Dr. Guillermo Rawson.<\/p>\n<p>\u00bfQu\u00e9 es la Meningitis?<\/p>\n<p>La meningitis\/meningoencefalitis es una enfermedad del sistema nervioso central (SNC) que consiste en la inflamaci\u00f3n de las meninges.<\/p>\n<p>S\u00edntomas<\/p>\n<p>Los s\u00edntomas en ni\u00f1os peque\u00f1os y lactantes:<\/p>\n<ul>\n<li>Rechazo a la alimentaci\u00f3n, hipoactividad y movimientos anormales.<\/li>\n<\/ul>\n<p>En otras edades los s\u00edntomas pueden ser los siguientes:<\/p>\n<ul>\n<li>Dolor de cabeza intenso<\/li>\n<li>Fiebre m\u00e1s de 38 grados<\/li>\n<li>Intolerancia a la luz natural y artificial<\/li>\n<li>V\u00f3mito en chorro<\/li>\n<\/ul>\n<p>Depende la edad y a medida que evoluciona el cuadro cl\u00ednico los s\u00edntomas pueden ir evolucionando y\/o empeoran.<\/p>\n<p><span style=\"color: #ff0000;\"><strong>Medidas Preventivas<\/strong><\/span><\/p>\n<ul>\n<li>Evitar el hacinamiento en las viviendas y los sitios laborales.<\/li>\n<li>Ventilaci\u00f3n de los ambientes en lugares con alta concentraci\u00f3n de personas.<\/li>\n<li>Frecuente de Lavado de manos<\/li>\n<li>No compartir utensilios<\/li>\n<li>Higiene personal<\/li>\n<li>Tener al d\u00eda el esquema de vacunaci\u00f3n seg\u00fan la edad.<\/li>\n<\/ul>\n<p>Ante cualquier duda consultar a su m\u00e9dico.<\/p>\n","protected":false},"excerpt":{"rendered":"<p>El Ministerio de Salud P\u00fablica del Gobierno de San Juan, a trav\u00e9s de la Divisi\u00f3n Epidemiolog\u00eda informa un caso de<\/p>\n","protected":false},"author":3,"featured_media":27493,"comment_status":"closed","ping_status":"closed","sticky":false,"template":"","format":"standard","meta":{"_acf_changed":false,"_seopress_robots_primary_cat":"none","_seopress_titles_title":"","_seopress_titles_desc":"","_seopress_robots_index":"","colormag_page_container_layout":"default_layout","colormag_page_sidebar_layout":"default_layout","footnotes":""},"categories":[1],"tags":[],"class_list":["post-56461","post","type-post","status-publish","format-standard","has-post-thumbnail","hentry","category-destacadas"],"acf":[],"_links":{"self":[{"href":"https:\/\/vocesparalelas.com.ar\/sitio\/wp-json\/wp\/v2\/posts\/56461","targetHints":{"allow":["GET"]}}],"collection":[{"href":"https:\/\/vocesparalelas.com.ar\/sitio\/wp-json\/wp\/v2\/posts"}],"about":[{"href":"https:\/\/vocesparalelas.com.ar\/sitio\/wp-json\/wp\/v2\/types\/post"}],"author":[{"embeddable":true,"href":"https:\/\/vocesparalelas.com.ar\/sitio\/wp-json\/wp\/v2\/users\/3"}],"replies":[{"embeddable":true,"href":"https:\/\/vocesparalelas.com.ar\/sitio\/wp-json\/wp\/v2\/comments?post=56461"}],"version-history":[{"count":1,"href":"https:\/\/vocesparalelas.com.ar\/sitio\/wp-json\/wp\/v2\/posts\/56461\/revisions"}],"predecessor-version":[{"id":56464,"href":"https:\/\/vocesparalelas.com.ar\/sitio\/wp-json\/wp\/v2\/posts\/56461\/revisions\/56464"}],"wp:featuredmedia":[{"embeddable":true,"href":"https:\/\/vocesparalelas.com.ar\/sitio\/wp-json\/wp\/v2\/media\/27493"}],"wp:attachment":[{"href":"https:\/\/vocesparalelas.com.ar\/sitio\/wp-json\/wp\/v2\/media?parent=56461"}],"wp:term":[{"taxonomy":"category","embeddable":true,"href":"https:\/\/vocesparalelas.com.ar\/sitio\/wp-json\/wp\/v2\/categories?post=56461"},{"taxonomy":"post_tag","embeddable":true,"href":"https:\/\/vocesparalelas.com.ar\/sitio\/wp-json\/wp\/v2\/tags?post=56461"}],"curies":[{"name":"wp","href":"https:\/\/api.w.org\/{rel}","templated":true}]}}