{"id":56447,"date":"2023-02-08T23:04:10","date_gmt":"2023-02-09T02:04:10","guid":{"rendered":"https:\/\/vocesparalelas.com.ar\/sitio\/?p=56447"},"modified":"2023-02-10T00:24:08","modified_gmt":"2023-02-10T03:24:08","slug":"una-oficina-de-integracion-municipal-que-hermana-la-region-de-coquimbo-con-san-juan","status":"publish","type":"post","link":"https:\/\/vocesparalelas.com.ar\/sitio\/una-oficina-de-integracion-municipal-que-hermana-la-region-de-coquimbo-con-san-juan\/","title":{"rendered":"Una Oficina de Integraci\u00f3n Municipal que hermana la Regi\u00f3n de Coquimbo con San Juan"},"content":{"rendered":"<p>La Provincia de San Juan, Rep\u00fablica Argentina y la Regi\u00f3n de Coquimbo, Rep\u00fablica de Chile buscaron siempre la integraci\u00f3n que representa el intercambio en todo sentido desde lo pol\u00edtico hasta lo econ\u00f3mico y personal.<\/p>\n<p>Siempre realizan distintas actividades entre ellos que los hermanos. El sue\u00f1o m\u00e1s grande es el t\u00fanel de Agua Negra. Es un proyecto que est\u00e1 latente con convenios y compromisos para que la Rep\u00fablica Argentina y la Rep\u00fablica de Chile est\u00e9n conectadas por un paso que beneficie la salida al Oc\u00e9ano Pac\u00edfico como al Oc\u00e9ano Atl\u00e1ntico que no s\u00f3lo beneficia a estos pa\u00edses sino a pa\u00edses vecinos. Son proyectos pero a la larga se lograr\u00e1.<\/p>\n<p>Recientemente, la Provincia de San Juan, recibi\u00f3 a las autoridades de la Regi\u00f3n de Coquimbo de distintas comunas que desarrollaron distintas actividades como la visita al Vicegobernador, CPN Roberto Gattoni, al Intendente de la Municipalidad de la Ciudad Capital de San Juan, Dr. Emilio Baistrocchi y al Gobernador de San Juan, Dr. Sergio U\u00f1ac, a quien le entregaron la Medalla del Bicentenaria.<\/p>\n<p>En esta recorrida participaron los\u00a0alcaldes de las comunas de Vicu\u00f1a y de Salamanca, Rafael Vera Castillo y Gerardo Rojas Escudero, respectivamente y al jefe de gabinete municipal de Vicu\u00f1a, Daniel Rivera, los concejales de la comuna de Salamanca Milena B\u00e1ez Lara y Carlos Cepeda y de Vicu\u00f1a Miriam Rojas Cabello, Cristian Pinto Torres, Irene Ramos Romo y Caroll Alcayaga Callejas; el director de Planificaci\u00f3n, Eduardo Fuentealba acompa\u00f1ados por la directora de Integraci\u00f3n Municipal en San Juan, Lic. Vanina Villegas.<\/p>\n<p>Es importante aclarar que la oficina de Integraci\u00f3n Municipal en San Juan funciona en\u00a0Avenida Ignacio de la Roza 578 &#8211; O &#8211; Capital de San Juan. Tel. 4273408<\/p>\n<p>Por esta raz\u00f3n, Voces Paralelas entrevist\u00f3 a la directora de Integraci\u00f3n Municipal en San Juan, Lic. Vanina Villegas, quien explic\u00f3 las funciones que cumple y este recorrido realizada por las autoridades de la Regi\u00f3n de Coquimbo, que siempre pregonan la integraci\u00f3n entre Argentina y Chile.<\/p>\n<p><iframe loading=\"lazy\" title=\"CHILE SAN JUAN LIC VANINA VILLEGAS\" width=\"800\" height=\"450\" src=\"https:\/\/www.youtube.com\/embed\/an74CuoRrbI?feature=oembed\" frameborder=\"0\" allow=\"accelerometer; autoplay; clipboard-write; encrypted-media; gyroscope; picture-in-picture; web-share\" allowfullscreen><\/iframe><\/p>\n<p>&nbsp;<\/p>\n<blockquote class=\"wp-embedded-content\" data-secret=\"ITktyB7ExJ\"><p><a href=\"https:\/\/vocesparalelas.com.ar\/sitio\/medalla-bicentenaria-por-la-integracion-de-los-dos-pueblos\/\">Medalla Bicentenaria por la integraci\u00f3n de los dos pueblos<\/a><\/p><\/blockquote>\n<p><iframe loading=\"lazy\" class=\"wp-embedded-content\" sandbox=\"allow-scripts\" security=\"restricted\" style=\"position: absolute; clip: rect(1px, 1px, 1px, 1px);\" title=\"\u00abMedalla Bicentenaria por la integraci\u00f3n de los dos pueblos\u00bb \u2014 Voces Paralelas\" src=\"https:\/\/vocesparalelas.com.ar\/sitio\/medalla-bicentenaria-por-la-integracion-de-los-dos-pueblos\/embed\/#?secret=n4Ef5L2Grf#?secret=ITktyB7ExJ\" data-secret=\"ITktyB7ExJ\" width=\"600\" height=\"338\" frameborder=\"0\" marginwidth=\"0\" marginheight=\"0\" scrolling=\"no\"><\/iframe><\/p>\n<blockquote class=\"wp-embedded-content\" data-secret=\"hHKPq5ueCw\"><p><a href=\"https:\/\/vocesparalelas.com.ar\/sitio\/delegacion-de-coquimbo-chile-en-san-juan-argentina\/\">Delegaci\u00f3n de Coquimbo, Chile en San Juan, Argentina<\/a><\/p><\/blockquote>\n<p><iframe loading=\"lazy\" class=\"wp-embedded-content\" sandbox=\"allow-scripts\" security=\"restricted\" style=\"position: absolute; clip: rect(1px, 1px, 1px, 1px);\" title=\"\u00abDelegaci\u00f3n de Coquimbo, Chile en San Juan, Argentina\u00bb \u2014 Voces Paralelas\" src=\"https:\/\/vocesparalelas.com.ar\/sitio\/delegacion-de-coquimbo-chile-en-san-juan-argentina\/embed\/#?secret=yoVGiqE05P#?secret=hHKPq5ueCw\" data-secret=\"hHKPq5ueCw\" width=\"600\" height=\"338\" frameborder=\"0\" marginwidth=\"0\" marginheight=\"0\" scrolling=\"no\"><\/iframe><\/p>\n<p>&nbsp;<\/p>\n","protected":false},"excerpt":{"rendered":"<p>La Provincia de San Juan, Rep\u00fablica Argentina y la Regi\u00f3n de Coquimbo, Rep\u00fablica de Chile buscaron siempre la integraci\u00f3n que<\/p>\n","protected":false},"author":3,"featured_media":56450,"comment_status":"closed","ping_status":"closed","sticky":false,"template":"","format":"video","meta":{"_acf_changed":false,"_seopress_robots_primary_cat":"none","_seopress_titles_title":"","_seopress_titles_desc":"","_seopress_robots_index":"","colormag_page_container_layout":"default_layout","colormag_page_sidebar_layout":"default_layout","footnotes":""},"categories":[10,7],"tags":[],"class_list":["post-56447","post","type-post","status-publish","format-video","has-post-thumbnail","hentry","category-opiniones","category-videos","post_format-post-format-video"],"acf":[],"_links":{"self":[{"href":"https:\/\/vocesparalelas.com.ar\/sitio\/wp-json\/wp\/v2\/posts\/56447","targetHints":{"allow":["GET"]}}],"collection":[{"href":"https:\/\/vocesparalelas.com.ar\/sitio\/wp-json\/wp\/v2\/posts"}],"about":[{"href":"https:\/\/vocesparalelas.com.ar\/sitio\/wp-json\/wp\/v2\/types\/post"}],"author":[{"embeddable":true,"href":"https:\/\/vocesparalelas.com.ar\/sitio\/wp-json\/wp\/v2\/users\/3"}],"replies":[{"embeddable":true,"href":"https:\/\/vocesparalelas.com.ar\/sitio\/wp-json\/wp\/v2\/comments?post=56447"}],"version-history":[{"count":1,"href":"https:\/\/vocesparalelas.com.ar\/sitio\/wp-json\/wp\/v2\/posts\/56447\/revisions"}],"predecessor-version":[{"id":56451,"href":"https:\/\/vocesparalelas.com.ar\/sitio\/wp-json\/wp\/v2\/posts\/56447\/revisions\/56451"}],"wp:featuredmedia":[{"embeddable":true,"href":"https:\/\/vocesparalelas.com.ar\/sitio\/wp-json\/wp\/v2\/media\/56450"}],"wp:attachment":[{"href":"https:\/\/vocesparalelas.com.ar\/sitio\/wp-json\/wp\/v2\/media?parent=56447"}],"wp:term":[{"taxonomy":"category","embeddable":true,"href":"https:\/\/vocesparalelas.com.ar\/sitio\/wp-json\/wp\/v2\/categories?post=56447"},{"taxonomy":"post_tag","embeddable":true,"href":"https:\/\/vocesparalelas.com.ar\/sitio\/wp-json\/wp\/v2\/tags?post=56447"}],"curies":[{"name":"wp","href":"https:\/\/api.w.org\/{rel}","templated":true}]}}