{"id":56443,"date":"2023-02-08T19:13:17","date_gmt":"2023-02-08T22:13:17","guid":{"rendered":"https:\/\/vocesparalelas.com.ar\/sitio\/?p=56443"},"modified":"2023-02-10T00:24:40","modified_gmt":"2023-02-10T03:24:40","slug":"beneficios-con-tu-tarjeta-sube-de-san-juan","status":"publish","type":"post","link":"https:\/\/vocesparalelas.com.ar\/sitio\/beneficios-con-tu-tarjeta-sube-de-san-juan\/","title":{"rendered":"Beneficios con tu tarjeta SUBE de San Juan"},"content":{"rendered":"<p>El sistema de viaje Sube contiene una serie de beneficios en su uso, que incluye descuentos en el precio del pasaje para diferentes sectores de la poblaci\u00f3n, al cual se pueden acceder con el registro personal de la tarjeta Sube.<\/p>\n<p><span style=\"color: #339966;\"><strong>\u00bfA qui\u00e9nes aplica el descuento en el pasaje con Sube?<\/strong><\/span><\/p>\n<ul>\n<li>Los beneficiarios del pasaje son:<\/li>\n<li>Jubilados y\/o pensionados.<\/li>\n<li>Personal del Trabajo Dom\u00e9stico.<\/li>\n<li>Veteranos de la Guerra de Malvinas.<\/li>\n<li>Monotributistas Sociales.<\/li>\n<\/ul>\n<p><span style=\"color: #339966;\"><strong>El beneficio tambi\u00e9n contempla a quienes est\u00e1n en los siguientes programas de asistencia:<\/strong><\/span><\/p>\n<ul>\n<li>Asignaci\u00f3n Universal por Hijo.<\/li>\n<li>Asignaci\u00f3n por Embarazo.<\/li>\n<li>Programa de J\u00f3venes con M\u00e1s y Mejor trabajo.<\/li>\n<li>Seguro por desempleo.<\/li>\n<li>Seguro de Capacitaci\u00f3n y Empleo.<\/li>\n<li>Programa Promover Igualdad de Oportunidades.<\/li>\n<li>Programa PROGRESAR.<\/li>\n<li>Programa \u201cPotenciar Trabajo\u201d.<\/li>\n<li>Pensiones No Contributivas.<\/li>\n<\/ul>\n<p><span style=\"color: #339966;\"><strong>\u00bfC\u00f3mo puede registrar tu Sube y acceder a los descuentos?<\/strong><\/span><\/p>\n<p>De forma personal, puede encontrar los Centros de Atenci\u00f3n Sube de la provincia dispuestos en los siguientes espacios:<\/p>\n<ul>\n<li>Centro C\u00edvico, Isla Sube en Planta Baja.<\/li>\n<li>Municipalidad del departamento 25 de Mayo.<\/li>\n<li>Oficina de Empleo de la Municipalidad del departamento Caucete.<\/li>\n<li>Municipalidad del departamento Angaco.<\/li>\n<li>Municipalidad del departamento J\u00e1chal.<\/li>\n<li>Oficina de Turismo de la Municipalidad del departamento Iglesia.<\/li>\n<li>Oficina de Turismo de la Municipalidad del departamento Valle F\u00e9rtil.<\/li>\n<\/ul>\n<p>Conoce m\u00e1s beneficios y formas de registrar tu tarjeta Sube <a href=\"https:\/\/sisanjuan.gob.ar\/ministerio-de-gobierno\/2022-02-04\/38518-conoce-los-beneficios-de-registrar-tu-sube\">https:\/\/sisanjuan.gob.ar\/ministerio-de-gobierno\/2022-02-04\/38518-conoce-los-beneficios-de-registrar-tu-sube<\/a><\/p>\n<p>Encuentra m\u00e1s Centros de Atenci\u00f3n Sube, Puntos de Carga y Terminales Autom\u00e1ticas Sube<\/p>\n<p><a href=\"https:\/\/tarjetasube.sube.gob.ar\/SubeWeb\/WebForms\/admin\/views\/mapa-sube.aspx?id=1\">https:\/\/tarjetasube.sube.gob.ar\/SubeWeb\/WebForms\/admin\/views\/mapa-sube.aspx?id=1<\/a><\/p>\n","protected":false},"excerpt":{"rendered":"<p>El sistema de viaje Sube contiene una serie de beneficios en su uso, que incluye descuentos en el precio del<\/p>\n","protected":false},"author":3,"featured_media":18849,"comment_status":"closed","ping_status":"closed","sticky":false,"template":"","format":"standard","meta":{"_acf_changed":false,"_seopress_robots_primary_cat":"none","_seopress_titles_title":"","_seopress_titles_desc":"","_seopress_robots_index":"","colormag_page_container_layout":"default_layout","colormag_page_sidebar_layout":"default_layout","footnotes":""},"categories":[5],"tags":[],"class_list":["post-56443","post","type-post","status-publish","format-standard","has-post-thumbnail","hentry","category-ofrecimientos"],"acf":[],"_links":{"self":[{"href":"https:\/\/vocesparalelas.com.ar\/sitio\/wp-json\/wp\/v2\/posts\/56443","targetHints":{"allow":["GET"]}}],"collection":[{"href":"https:\/\/vocesparalelas.com.ar\/sitio\/wp-json\/wp\/v2\/posts"}],"about":[{"href":"https:\/\/vocesparalelas.com.ar\/sitio\/wp-json\/wp\/v2\/types\/post"}],"author":[{"embeddable":true,"href":"https:\/\/vocesparalelas.com.ar\/sitio\/wp-json\/wp\/v2\/users\/3"}],"replies":[{"embeddable":true,"href":"https:\/\/vocesparalelas.com.ar\/sitio\/wp-json\/wp\/v2\/comments?post=56443"}],"version-history":[{"count":1,"href":"https:\/\/vocesparalelas.com.ar\/sitio\/wp-json\/wp\/v2\/posts\/56443\/revisions"}],"predecessor-version":[{"id":56446,"href":"https:\/\/vocesparalelas.com.ar\/sitio\/wp-json\/wp\/v2\/posts\/56443\/revisions\/56446"}],"wp:featuredmedia":[{"embeddable":true,"href":"https:\/\/vocesparalelas.com.ar\/sitio\/wp-json\/wp\/v2\/media\/18849"}],"wp:attachment":[{"href":"https:\/\/vocesparalelas.com.ar\/sitio\/wp-json\/wp\/v2\/media?parent=56443"}],"wp:term":[{"taxonomy":"category","embeddable":true,"href":"https:\/\/vocesparalelas.com.ar\/sitio\/wp-json\/wp\/v2\/categories?post=56443"},{"taxonomy":"post_tag","embeddable":true,"href":"https:\/\/vocesparalelas.com.ar\/sitio\/wp-json\/wp\/v2\/tags?post=56443"}],"curies":[{"name":"wp","href":"https:\/\/api.w.org\/{rel}","templated":true}]}}