{"id":56435,"date":"2023-02-08T19:05:23","date_gmt":"2023-02-08T22:05:23","guid":{"rendered":"https:\/\/vocesparalelas.com.ar\/sitio\/?p=56435"},"modified":"2023-02-10T00:25:19","modified_gmt":"2023-02-10T03:25:19","slug":"cronograma-para-contratados-en-educacion-de-san-juan","status":"publish","type":"post","link":"https:\/\/vocesparalelas.com.ar\/sitio\/cronograma-para-contratados-en-educacion-de-san-juan\/","title":{"rendered":"Cronograma para contratados en Educaci\u00f3n de San Juan"},"content":{"rendered":"<p>El Ministerio de Educaci\u00f3n del Gobierno de San Juan convoca al personal contratado hasta el 31 de Diciembre de 2018, en condiciones de pasar a planta permanente, a presentar documentaci\u00f3n de acuerdo al siguiente cronograma:<\/p>\n<p><span style=\"color: #339966;\"><strong>Administrativos y profesionales<\/strong><\/span><\/p>\n<p><span style=\"color: #339966;\"><strong>FECHA AGRUPAMIENTO<\/strong><\/span><\/p>\n<p>Lunes, 13 de Febrero de 2023 ADMINISTRATIVOS\/ PROFESIONALES<\/p>\n<p>Deben acudir de 8 a 14 horas, con documentaci\u00f3n completa, al Centro Cultural Conte Grand, San Luis y Las Heras.<\/p>\n<p><span style=\"color: #339966;\"><strong>Servicios Generales<\/strong><\/span><\/p>\n<p><img loading=\"lazy\" decoding=\"async\" class=\"alignnone size-full wp-image-56438\" src=\"https:\/\/vocesparalelas.com.ar\/sitio\/wp-content\/uploads\/2023\/02\/CONTRATADOS.jpg\" alt=\"\" width=\"800\" height=\"426\" srcset=\"https:\/\/vocesparalelas.com.ar\/sitio\/wp-content\/uploads\/2023\/02\/CONTRATADOS.jpg 800w, https:\/\/vocesparalelas.com.ar\/sitio\/wp-content\/uploads\/2023\/02\/CONTRATADOS-300x160.jpg 300w, https:\/\/vocesparalelas.com.ar\/sitio\/wp-content\/uploads\/2023\/02\/CONTRATADOS-768x409.jpg 768w\" sizes=\"auto, (max-width: 800px) 100vw, 800px\" \/><\/p>\n<p>Tienen que acudir con la documentaci\u00f3n completa de 8 a 14 horas, al Centro Cultural Conte Grand ubicado en calles San Luis y Las Heras.<\/p>\n<p><span style=\"color: #339966;\"><strong>Departamento San Mart\u00edn<\/strong><\/span><\/p>\n<p><span style=\"color: #339966;\"><strong>FECHA AGRUPAMIENTO<\/strong><\/span><\/p>\n<p>Viernes 03 de Marzo de 2023 Profesionales, Administrativos y Servicios Generales<\/p>\n<p>Se informar\u00e1 posteriormente el lugar y horario donde presentarse<\/p>\n<p><span style=\"color: #339966;\"><strong>Zonas Alejadas<\/strong><\/span><\/p>\n<p>Posteriormente se les informar\u00e1 el horario y lugar al que deben acudir<\/p>\n<p><span style=\"color: #339966;\"><strong>Departamento J\u00e1chal<\/strong><\/span><\/p>\n<p><span style=\"color: #339966;\"><strong>FECHA AGRUPAMIENTO<\/strong><\/span><\/p>\n<p>Martes 07 de Marzo de 2023 Profesionales, Administrativos y Servicios Generales<\/p>\n<p><span style=\"color: #339966;\"><strong>Departamento Calingasta<\/strong><\/span><\/p>\n<p><span style=\"color: #339966;\"><strong>FECHA AGRUPAMIENTO<\/strong><\/span><\/p>\n<p>Viernes 10 de Marzo de 2023 Profesionales, Administrativos y Servicios Generales<\/p>\n<p><span style=\"color: #339966;\"><strong>Departamento Iglesia<\/strong><\/span><\/p>\n<p><span style=\"color: #339966;\"><strong>FECHA AGRUPAMIENTO<\/strong><\/span><\/p>\n<p>Lunes 13\/03\/2023 Profesionales, Administrativos y Servicios Generales<\/p>\n<p><span style=\"color: #339966;\"><strong>Departamento Valle F\u00e9rtil<\/strong><\/span><\/p>\n<p><span style=\"color: #339966;\"><strong>FECHA AGRUPAMIENTO<\/strong><\/span><\/p>\n<p>Mi\u00e9rcoles15\/03\/2023 Profesionales, Administrativos y Servicios Generales<\/p>\n<p>Al momento de la presentaci\u00f3n deben acudir con la documentaci\u00f3n completa.<\/p>\n<p><span style=\"color: #339966;\"><strong>Documentaci\u00f3n requerida:<\/strong><\/span><\/p>\n<ul>\n<li>Original y Fotocopia DNI (cara y reverso)<\/li>\n<li>Original y Fotocopia T\u00edtulo Anal\u00edtico:l secundario, universitario o certificado de Primaria (lo que corresponde).<\/li>\n<li>Certificado de Activo de la Administraci\u00f3n P\u00fablica ( se obtiene a trav\u00e9s de Ciudadano Digital San Juan).<\/li>\n<li>Certificado del IPV d\u00f3nde conste que est\u00e1 al d\u00eda que no tiene deuda o que no posee vivienda otorgada por este organismo ( se obtiene a trav\u00e9s de Ciudadano Digital San Juan).<\/li>\n<li>Certificado de Regularidad Fiscal emitido por la Direcci\u00f3n General de Rentas.<\/li>\n<li>Si posee alg\u00fan tipo de discapacidad debe presentar Certificado de Discapacidad original o legalizado por la Direcci\u00f3n de Discapacidades.<\/li>\n<li>Certificado de Antecedentes y Planilla Prontuarial, que se emitir\u00e1 en el momento de presentaci\u00f3n de documentaci\u00f3n a trav\u00e9s del convenio del Ministerio de Educaci\u00f3n y Secretar\u00eda de Estado de Seguridad y Orden P\u00fablico.<\/li>\n<\/ul>\n<p>A trav\u00e9s del siguiente link\u00a0<a href=\"https:\/\/mi.sanjuan.gob.ar\/,\">https:\/\/mi.sanjuan.gob.ar\/<\/a>\u00a0se puede ingresar a Ciudadano Digital para acceder e imprimir los certificados solicitados para el ingreso a planta permanente.<\/p>\n<p><span style=\"color: #339966;\"><strong>Video instructivo de ingreso a Ciudadano Digital<\/strong><\/span><\/p>\n<p><iframe loading=\"lazy\" title=\"Instructivo creaci\u00f3n de cuenta Ciudadano Digital\" width=\"800\" height=\"450\" src=\"https:\/\/www.youtube.com\/embed\/SUPlonpdPR8?feature=oembed\" frameborder=\"0\" allow=\"accelerometer; autoplay; clipboard-write; encrypted-media; gyroscope; picture-in-picture; web-share\" allowfullscreen><\/iframe><\/p>\n","protected":false},"excerpt":{"rendered":"<p>El Ministerio de Educaci\u00f3n del Gobierno de San Juan convoca al personal contratado hasta el 31 de Diciembre de 2018,<\/p>\n","protected":false},"author":3,"featured_media":28629,"comment_status":"closed","ping_status":"closed","sticky":false,"template":"","format":"video","meta":{"_acf_changed":false,"_seopress_robots_primary_cat":"none","_seopress_titles_title":"","_seopress_titles_desc":"","_seopress_robots_index":"","colormag_page_container_layout":"default_layout","colormag_page_sidebar_layout":"default_layout","footnotes":""},"categories":[2,7],"tags":[],"class_list":["post-56435","post","type-post","status-publish","format-video","has-post-thumbnail","hentry","category-convocatorias","category-videos","post_format-post-format-video"],"acf":[],"_links":{"self":[{"href":"https:\/\/vocesparalelas.com.ar\/sitio\/wp-json\/wp\/v2\/posts\/56435","targetHints":{"allow":["GET"]}}],"collection":[{"href":"https:\/\/vocesparalelas.com.ar\/sitio\/wp-json\/wp\/v2\/posts"}],"about":[{"href":"https:\/\/vocesparalelas.com.ar\/sitio\/wp-json\/wp\/v2\/types\/post"}],"author":[{"embeddable":true,"href":"https:\/\/vocesparalelas.com.ar\/sitio\/wp-json\/wp\/v2\/users\/3"}],"replies":[{"embeddable":true,"href":"https:\/\/vocesparalelas.com.ar\/sitio\/wp-json\/wp\/v2\/comments?post=56435"}],"version-history":[{"count":1,"href":"https:\/\/vocesparalelas.com.ar\/sitio\/wp-json\/wp\/v2\/posts\/56435\/revisions"}],"predecessor-version":[{"id":56439,"href":"https:\/\/vocesparalelas.com.ar\/sitio\/wp-json\/wp\/v2\/posts\/56435\/revisions\/56439"}],"wp:featuredmedia":[{"embeddable":true,"href":"https:\/\/vocesparalelas.com.ar\/sitio\/wp-json\/wp\/v2\/media\/28629"}],"wp:attachment":[{"href":"https:\/\/vocesparalelas.com.ar\/sitio\/wp-json\/wp\/v2\/media?parent=56435"}],"wp:term":[{"taxonomy":"category","embeddable":true,"href":"https:\/\/vocesparalelas.com.ar\/sitio\/wp-json\/wp\/v2\/categories?post=56435"},{"taxonomy":"post_tag","embeddable":true,"href":"https:\/\/vocesparalelas.com.ar\/sitio\/wp-json\/wp\/v2\/tags?post=56435"}],"curies":[{"name":"wp","href":"https:\/\/api.w.org\/{rel}","templated":true}]}}