{"id":56425,"date":"2023-02-08T18:33:07","date_gmt":"2023-02-08T21:33:07","guid":{"rendered":"https:\/\/vocesparalelas.com.ar\/sitio\/?p=56425"},"modified":"2023-02-10T00:23:43","modified_gmt":"2023-02-10T03:23:43","slug":"hacia-el-aumento-de-la-cuota-de-los-colegios-privados-de-san-juan","status":"publish","type":"post","link":"https:\/\/vocesparalelas.com.ar\/sitio\/hacia-el-aumento-de-la-cuota-de-los-colegios-privados-de-san-juan\/","title":{"rendered":"Hacia el Aumento de la Cuota de los Colegios Privados de San Juan"},"content":{"rendered":"<p>Ante el acuerdo de los ministros nacionales de Econom\u00eda, Dr. Sergio Massa y Educaci\u00f3n, Lic. Jaime Perczyk, con las a c\u00e1maras de colegios privados que adhirieron al programa Precios Justos, la Direcci\u00f3n de Educaci\u00f3n Privada.<\/p>\n<p>&nbsp;<\/p>\n<p>Por ello, la \u00a0 Directora de Educaci\u00f3n Privada del Ministerio de Educaci\u00f3n del Gobierno de San Juan, Dra. Liliana Piegaia informa y recuerda que los aranceles de las escuelas p\u00fablicas de San Juan, de gesti\u00f3n privada se actualizan por el \u00edndice IPADEP.<\/p>\n<p>Despu\u00e9s del informe que emite a los 40 d\u00edas posteriores al cierre de cada trimestre, el Instituto de Investigaciones Econ\u00f3micas y Estad\u00edsticas.<\/p>\n<p>En referencia a la actualizaci\u00f3n del 4to trimestre correspondiente a los meses de Octubre, Noviembre y Diciembre de 2022, el \u00edndice IPADEP, se da a conocer despu\u00e9s del 10 de Febrero de 2023.<\/p>\n<p>No obstante, ante el anuncio de Naci\u00f3n, esperan mayores precisiones, entendiendo que este acuerdo se aplicar\u00eda en el 2023 y no al \u00faltimo trimestre del 2022.<\/p>\n<p>Una vez analizada y definida toda la normativa, se brindar\u00e1 la informaci\u00f3n correspondiente,\u00a0 para conocimiento de la comunidad educativa y padres de los estudiantes.<\/p>\n<p><strong><span style=\"color: #008000;\">Aportes de las Voces Paralelas<\/span><\/strong><\/p>\n<p>Las autoridades Nacionales definieron y autorizaron un aumento porcentual de las cuotas 2023 de los Colegios Privados:<\/p>\n<ul>\n<li>Marzo 2023: 16,8 %<\/li>\n<li>Abril 2023: 3,35 %<\/li>\n<li>Mayo 2023: 3,35 %<\/li>\n<li>Junio 2023: 3,35 %<\/li>\n<li>Julio 2023: 4 %<\/li>\n<\/ul>\n<p>&nbsp;<\/p>\n","protected":false},"excerpt":{"rendered":"<p>Ante el acuerdo de los ministros nacionales de Econom\u00eda, Dr. Sergio Massa y Educaci\u00f3n, Lic. Jaime Perczyk, con las a<\/p>\n","protected":false},"author":3,"featured_media":37710,"comment_status":"closed","ping_status":"closed","sticky":false,"template":"","format":"standard","meta":{"_acf_changed":false,"_seopress_robots_primary_cat":"none","_seopress_titles_title":"","_seopress_titles_desc":"","_seopress_robots_index":"","colormag_page_container_layout":"default_layout","colormag_page_sidebar_layout":"default_layout","footnotes":""},"categories":[5],"tags":[],"class_list":["post-56425","post","type-post","status-publish","format-standard","has-post-thumbnail","hentry","category-ofrecimientos"],"acf":[],"_links":{"self":[{"href":"https:\/\/vocesparalelas.com.ar\/sitio\/wp-json\/wp\/v2\/posts\/56425","targetHints":{"allow":["GET"]}}],"collection":[{"href":"https:\/\/vocesparalelas.com.ar\/sitio\/wp-json\/wp\/v2\/posts"}],"about":[{"href":"https:\/\/vocesparalelas.com.ar\/sitio\/wp-json\/wp\/v2\/types\/post"}],"author":[{"embeddable":true,"href":"https:\/\/vocesparalelas.com.ar\/sitio\/wp-json\/wp\/v2\/users\/3"}],"replies":[{"embeddable":true,"href":"https:\/\/vocesparalelas.com.ar\/sitio\/wp-json\/wp\/v2\/comments?post=56425"}],"version-history":[{"count":3,"href":"https:\/\/vocesparalelas.com.ar\/sitio\/wp-json\/wp\/v2\/posts\/56425\/revisions"}],"predecessor-version":[{"id":56430,"href":"https:\/\/vocesparalelas.com.ar\/sitio\/wp-json\/wp\/v2\/posts\/56425\/revisions\/56430"}],"wp:featuredmedia":[{"embeddable":true,"href":"https:\/\/vocesparalelas.com.ar\/sitio\/wp-json\/wp\/v2\/media\/37710"}],"wp:attachment":[{"href":"https:\/\/vocesparalelas.com.ar\/sitio\/wp-json\/wp\/v2\/media?parent=56425"}],"wp:term":[{"taxonomy":"category","embeddable":true,"href":"https:\/\/vocesparalelas.com.ar\/sitio\/wp-json\/wp\/v2\/categories?post=56425"},{"taxonomy":"post_tag","embeddable":true,"href":"https:\/\/vocesparalelas.com.ar\/sitio\/wp-json\/wp\/v2\/tags?post=56425"}],"curies":[{"name":"wp","href":"https:\/\/api.w.org\/{rel}","templated":true}]}}