{"id":56417,"date":"2023-02-07T22:17:34","date_gmt":"2023-02-08T01:17:34","guid":{"rendered":"https:\/\/vocesparalelas.com.ar\/sitio\/?p=56417"},"modified":"2023-02-07T22:17:34","modified_gmt":"2023-02-08T01:17:34","slug":"firmaron-convenio-de-cooperacion-entre-el-seciti-y-epse-de-san-juan","status":"publish","type":"post","link":"https:\/\/vocesparalelas.com.ar\/sitio\/firmaron-convenio-de-cooperacion-entre-el-seciti-y-epse-de-san-juan\/","title":{"rendered":"Firmaron convenio de Cooperaci\u00f3n entre el SECITI y EPSE de San Juan"},"content":{"rendered":"<p>La secretaria de Estado de la Ciencia, Tecnolog\u00eda e Innovaci\u00f3n del Gobierno de San Juan, Ing. Marita Benavente, y el presidente de Energ\u00eda Provincial Sociedad del Estado &#8211; EPSE -, Ing. Juan Carlos Caparr\u00f3s, firmaron convenio de cooperaci\u00f3n para la incorporaci\u00f3n de actividades conjuntas vinculadas a la investigaci\u00f3n cient\u00edfica, el desarrollo y la innovaci\u00f3n tecnol\u00f3gica, lo que puede incluir el estudio y desarrollo de nuevas fuentes o energ\u00edas alternativas.<\/p>\n<p>Acompa\u00f1aron tambi\u00e9n por parte de SECITI, la subsecretaria de Promoci\u00f3n de la Actividad Cient\u00edfica y Tecnol\u00f3gica, Ing. Sandra Noriega, por EPSE, vicepresidente CPN Sergio Ruiz y el gerente de Ingenier\u00eda y Desarrollos, Ing. V\u00edctor Do\u00f1a.<\/p>\n<p>Entre los puntos destacados del acuerdo se encuentran:<\/p>\n<ul>\n<li>Sumar esfuerzos a fin de desarrollar un marco relacional que les permita: &#8211; el dise\u00f1o y ejecuci\u00f3n de proyectos que propendan a la puesta en valor de nuevo conocimiento y a la mejora de la competitividad de ambas \u00e1reas.<\/li>\n<li>Apreciar que la competitividad socio-productiva depende de un complejo conjunto de capacidades y factores entre los que se destaca la innovaci\u00f3n, que es el proceso de puesta en valor del conocimiento.<\/li>\n<li>El convenio se celebra por el t\u00e9rmino de cinco (5) a\u00f1os a partir de su ratificaci\u00f3n, pudiendo ser renovado por otro per\u00edodo.<\/li>\n<\/ul>\n<p>SECITI\u00a0apoya a todas las \u00e1reas del Gobierno Provincial y de los Municipios en lo relacionado a la producci\u00f3n y utilizaci\u00f3n del conocimiento cient\u00edfico \u2013 tecnol\u00f3gico.<\/p>\n","protected":false},"excerpt":{"rendered":"<p>La secretaria de Estado de la Ciencia, Tecnolog\u00eda e Innovaci\u00f3n del Gobierno de San Juan, Ing. Marita Benavente, y el<\/p>\n","protected":false},"author":3,"featured_media":56420,"comment_status":"closed","ping_status":"closed","sticky":false,"template":"","format":"standard","meta":{"_acf_changed":false,"_seopress_robots_primary_cat":"none","_seopress_titles_title":"","_seopress_titles_desc":"","_seopress_robots_index":"","colormag_page_container_layout":"default_layout","colormag_page_sidebar_layout":"default_layout","footnotes":""},"categories":[1],"tags":[],"class_list":["post-56417","post","type-post","status-publish","format-standard","has-post-thumbnail","hentry","category-destacadas"],"acf":[],"_links":{"self":[{"href":"https:\/\/vocesparalelas.com.ar\/sitio\/wp-json\/wp\/v2\/posts\/56417","targetHints":{"allow":["GET"]}}],"collection":[{"href":"https:\/\/vocesparalelas.com.ar\/sitio\/wp-json\/wp\/v2\/posts"}],"about":[{"href":"https:\/\/vocesparalelas.com.ar\/sitio\/wp-json\/wp\/v2\/types\/post"}],"author":[{"embeddable":true,"href":"https:\/\/vocesparalelas.com.ar\/sitio\/wp-json\/wp\/v2\/users\/3"}],"replies":[{"embeddable":true,"href":"https:\/\/vocesparalelas.com.ar\/sitio\/wp-json\/wp\/v2\/comments?post=56417"}],"version-history":[{"count":1,"href":"https:\/\/vocesparalelas.com.ar\/sitio\/wp-json\/wp\/v2\/posts\/56417\/revisions"}],"predecessor-version":[{"id":56421,"href":"https:\/\/vocesparalelas.com.ar\/sitio\/wp-json\/wp\/v2\/posts\/56417\/revisions\/56421"}],"wp:featuredmedia":[{"embeddable":true,"href":"https:\/\/vocesparalelas.com.ar\/sitio\/wp-json\/wp\/v2\/media\/56420"}],"wp:attachment":[{"href":"https:\/\/vocesparalelas.com.ar\/sitio\/wp-json\/wp\/v2\/media?parent=56417"}],"wp:term":[{"taxonomy":"category","embeddable":true,"href":"https:\/\/vocesparalelas.com.ar\/sitio\/wp-json\/wp\/v2\/categories?post=56417"},{"taxonomy":"post_tag","embeddable":true,"href":"https:\/\/vocesparalelas.com.ar\/sitio\/wp-json\/wp\/v2\/tags?post=56417"}],"curies":[{"name":"wp","href":"https:\/\/api.w.org\/{rel}","templated":true}]}}