{"id":56413,"date":"2023-02-07T21:51:12","date_gmt":"2023-02-08T00:51:12","guid":{"rendered":"https:\/\/vocesparalelas.com.ar\/sitio\/?p=56413"},"modified":"2023-02-09T01:06:05","modified_gmt":"2023-02-09T04:06:05","slug":"cobertura-del-100-en-servicio-de-sepelio-para-afiliados-de-osp-de-san-juan","status":"publish","type":"post","link":"https:\/\/vocesparalelas.com.ar\/sitio\/cobertura-del-100-en-servicio-de-sepelio-para-afiliados-de-osp-de-san-juan\/","title":{"rendered":"Cobertura del 100% en servicio de sepelio para afiliados de OSP de San Juan"},"content":{"rendered":"<p>Los afiliados de la Obra Social de los agentes p\u00fablicos de San Juan cuentan con cobertura total del servicio de sepelio, es decir que,\u00a0no deben abonar ning\u00fan tipo de adicional o plus, salvo en aquellos casos en que deseen acceder a servicios o costos no pactadas en el convenio vigente entre Obra Social y las cocher\u00edas convenidas.<\/p>\n<p>Este beneficio funciona las 24 horas, todo el a\u00f1o, y s\u00f3lo deben presentar carnet del afiliado, el certificado de defunci\u00f3n y el \u00faltimo recibo de sueldo, que se pueden bajar desde la app\u00a0\u201cCiudadano Digital\u201d.<\/p>\n<p><span style=\"color: #339966;\"><strong>Las Cocher\u00edas con convenio con OSP son las siguientes:<\/strong><\/span><\/p>\n<ul>\n<li>San Jos\u00e9<\/li>\n<li>San Juan<\/li>\n<li>OASIS Plus<\/li>\n<li>Lanusse Annechini<\/li>\n<li>San Ram\u00f3n<\/li>\n<li>Servicios F\u00fanebres Municipalidad de la Capital<\/li>\n<li>Cementerio Parque Cerro del Oeste<\/li>\n<\/ul>\n","protected":false},"excerpt":{"rendered":"<p>Los afiliados de la Obra Social de los agentes p\u00fablicos de San Juan cuentan con cobertura total del servicio de<\/p>\n","protected":false},"author":3,"featured_media":10321,"comment_status":"closed","ping_status":"closed","sticky":false,"template":"","format":"standard","meta":{"_acf_changed":false,"_seopress_robots_primary_cat":"none","_seopress_titles_title":"","_seopress_titles_desc":"","_seopress_robots_index":"","colormag_page_container_layout":"default_layout","colormag_page_sidebar_layout":"default_layout","footnotes":""},"categories":[10],"tags":[],"class_list":["post-56413","post","type-post","status-publish","format-standard","has-post-thumbnail","hentry","category-opiniones"],"acf":[],"_links":{"self":[{"href":"https:\/\/vocesparalelas.com.ar\/sitio\/wp-json\/wp\/v2\/posts\/56413","targetHints":{"allow":["GET"]}}],"collection":[{"href":"https:\/\/vocesparalelas.com.ar\/sitio\/wp-json\/wp\/v2\/posts"}],"about":[{"href":"https:\/\/vocesparalelas.com.ar\/sitio\/wp-json\/wp\/v2\/types\/post"}],"author":[{"embeddable":true,"href":"https:\/\/vocesparalelas.com.ar\/sitio\/wp-json\/wp\/v2\/users\/3"}],"replies":[{"embeddable":true,"href":"https:\/\/vocesparalelas.com.ar\/sitio\/wp-json\/wp\/v2\/comments?post=56413"}],"version-history":[{"count":1,"href":"https:\/\/vocesparalelas.com.ar\/sitio\/wp-json\/wp\/v2\/posts\/56413\/revisions"}],"predecessor-version":[{"id":56416,"href":"https:\/\/vocesparalelas.com.ar\/sitio\/wp-json\/wp\/v2\/posts\/56413\/revisions\/56416"}],"wp:featuredmedia":[{"embeddable":true,"href":"https:\/\/vocesparalelas.com.ar\/sitio\/wp-json\/wp\/v2\/media\/10321"}],"wp:attachment":[{"href":"https:\/\/vocesparalelas.com.ar\/sitio\/wp-json\/wp\/v2\/media?parent=56413"}],"wp:term":[{"taxonomy":"category","embeddable":true,"href":"https:\/\/vocesparalelas.com.ar\/sitio\/wp-json\/wp\/v2\/categories?post=56413"},{"taxonomy":"post_tag","embeddable":true,"href":"https:\/\/vocesparalelas.com.ar\/sitio\/wp-json\/wp\/v2\/tags?post=56413"}],"curies":[{"name":"wp","href":"https:\/\/api.w.org\/{rel}","templated":true}]}}