{"id":56404,"date":"2023-02-07T21:36:29","date_gmt":"2023-02-08T00:36:29","guid":{"rendered":"https:\/\/vocesparalelas.com.ar\/sitio\/?p=56404"},"modified":"2023-02-09T01:07:51","modified_gmt":"2023-02-09T04:07:51","slug":"cuarta-edicion-de-joven-podes-2023-en-san-juan","status":"publish","type":"post","link":"https:\/\/vocesparalelas.com.ar\/sitio\/cuarta-edicion-de-joven-podes-2023-en-san-juan\/","title":{"rendered":"Cuarta edici\u00f3n de Joven Pod\u00e9s 2023 en San Juan"},"content":{"rendered":"<p>El gobernador de San Juan, Dr. Sergio U\u00f1ac puso en marcha la cuarta edici\u00f3n de Joven Pod\u00e9s, programa destinado a emprendedores entre los 18 y 27 a\u00f1os de edad. Este a\u00f1o el Gobierno de San Juan realiza una inversi\u00f3n de 100 millones de pesos para que cada emprendedor obtenga un aporte no reembolsable de hasta 350 mil pesos.<\/p>\n<p>El objetivo del programa es lograr un acompa\u00f1amiento y una formaci\u00f3n en materia de emprendedurismo, donde los proyectos que logren superar las diversas etapas y queden seleccionados teniendo en cuenta criterios y diferentes lineamientos de evaluaci\u00f3n.<\/p>\n<p>En esta oportunidad, la inversi\u00f3n aument\u00f3 de 30 millones a 100 millones y el l\u00edmite de la edad para los participantes pas\u00f3 de 25 a 27 a\u00f1os.<\/p>\n<p><iframe loading=\"lazy\" title=\"JOVEN POD\u00c9S 2023 SAN JUAN\" width=\"800\" height=\"450\" src=\"https:\/\/www.youtube.com\/embed\/Mtr7mxPylsA?feature=oembed\" frameborder=\"0\" allow=\"accelerometer; autoplay; clipboard-write; encrypted-media; gyroscope; picture-in-picture; web-share\" allowfullscreen><\/iframe><\/p>\n<p>Junto al gobernador Dr. Sergio U\u00f1ac estuvieron presentes el ministro de Desarrollo Humano y Promoci\u00f3n Social, Prof. Fabian Aballay; el subsecretario de Promoci\u00f3n, Protecci\u00f3n y Desarrollo Social, Marcos Andino; el subsecretario de Articulaci\u00f3n y Abordaje Territorial, Cristian Morales; la subsecretaria de Asistencia Social, Stella Marys Caparr\u00f3s; el subsecretario administrativo financiero, Federico Barcel\u00f3; el director de Juventudes, Emiliano Paradiso.<\/p>\n<p>&nbsp;<\/p>\n<p><iframe loading=\"lazy\" title=\"Joven Pod\u00e9s: destinar\u00e1n 100 millones de pesos a emprendedores de los 19 departamentos\" width=\"800\" height=\"450\" src=\"https:\/\/www.youtube.com\/embed\/wKYcGy3EHIs?feature=oembed\" frameborder=\"0\" allow=\"accelerometer; autoplay; clipboard-write; encrypted-media; gyroscope; picture-in-picture; web-share\" allowfullscreen><\/iframe><\/p>\n<p>Finalmente el director de Juventudes, Emiliano Paradiso, agradeci\u00f3 a los emprendedores que ganaron el a\u00f1o pasado y contaron sus vivencias frente a otros j\u00f3venes y asegur\u00f3 que \u201clos j\u00f3venes de San Juan saben que a trav\u00e9s de este programa pueden concretar sus sue\u00f1os y proyectarse\u201d.<\/p>\n<p>Adem\u00e1s destac\u00f3 que Naci\u00f3n lanz\u00f3 un programa que est\u00e1 basado en Joven Pod\u00e9s y dijo que \u201cJoven Pod\u00e9s potenci\u00f3 el desarrollo emprendedor de todos los j\u00f3venes de San Juan y nosotros como Direcci\u00f3n visitamos cada uno de los departamentos. En los 19 departamentos hay emprendedores que sue\u00f1an, se proyectan y salen adelante sin la necesidad de irse a otro lugar\u201d.<\/p>\n<p><strong><span style=\"color: #339966;\">Etapas de Joven Pod\u00e9s<\/span><\/strong><\/p>\n<ul>\n<li><span style=\"color: #339966;\"><strong>Etapa de inscripci\u00f3n<\/strong>:<\/span> del 7 de febrero al 28 de febrero del 2023.<\/li>\n<li><span style=\"color: #339966;\"><strong>Etapa de capacitaci\u00f3n de video pitch<\/strong>:<\/span> 1 al 15 de marzo (visitas a los 19 departamentos capacitando).<\/li>\n<li><span style=\"color: #339966;\"><strong>Etapa de formaci\u00f3n de preseleccionados<\/strong>:<\/span> del 29 al 31 de marzo.<\/li>\n<li><span style=\"color: #339966;\"><strong>Etapa de evaluaci\u00f3n modelo canvas<\/strong>:<\/span> 3 al 17 de abril.<\/li>\n<li><span style=\"color: #339966;\"><strong>Etapa de selecci\u00f3n final<\/strong>:<\/span> 27 de abril para pasar al financiamiento a los emprendedores.<\/li>\n<\/ul>\n","protected":false},"excerpt":{"rendered":"<p>El gobernador de San Juan, Dr. Sergio U\u00f1ac puso en marcha la cuarta edici\u00f3n de Joven Pod\u00e9s, programa destinado a<\/p>\n","protected":false},"author":3,"featured_media":56407,"comment_status":"closed","ping_status":"closed","sticky":false,"template":"","format":"video","meta":{"_acf_changed":false,"_seopress_robots_primary_cat":"none","_seopress_titles_title":"","_seopress_titles_desc":"","_seopress_robots_index":"","colormag_page_container_layout":"default_layout","colormag_page_sidebar_layout":"default_layout","footnotes":""},"categories":[2,7],"tags":[],"class_list":["post-56404","post","type-post","status-publish","format-video","has-post-thumbnail","hentry","category-convocatorias","category-videos","post_format-post-format-video"],"acf":[],"_links":{"self":[{"href":"https:\/\/vocesparalelas.com.ar\/sitio\/wp-json\/wp\/v2\/posts\/56404","targetHints":{"allow":["GET"]}}],"collection":[{"href":"https:\/\/vocesparalelas.com.ar\/sitio\/wp-json\/wp\/v2\/posts"}],"about":[{"href":"https:\/\/vocesparalelas.com.ar\/sitio\/wp-json\/wp\/v2\/types\/post"}],"author":[{"embeddable":true,"href":"https:\/\/vocesparalelas.com.ar\/sitio\/wp-json\/wp\/v2\/users\/3"}],"replies":[{"embeddable":true,"href":"https:\/\/vocesparalelas.com.ar\/sitio\/wp-json\/wp\/v2\/comments?post=56404"}],"version-history":[{"count":1,"href":"https:\/\/vocesparalelas.com.ar\/sitio\/wp-json\/wp\/v2\/posts\/56404\/revisions"}],"predecessor-version":[{"id":56408,"href":"https:\/\/vocesparalelas.com.ar\/sitio\/wp-json\/wp\/v2\/posts\/56404\/revisions\/56408"}],"wp:featuredmedia":[{"embeddable":true,"href":"https:\/\/vocesparalelas.com.ar\/sitio\/wp-json\/wp\/v2\/media\/56407"}],"wp:attachment":[{"href":"https:\/\/vocesparalelas.com.ar\/sitio\/wp-json\/wp\/v2\/media?parent=56404"}],"wp:term":[{"taxonomy":"category","embeddable":true,"href":"https:\/\/vocesparalelas.com.ar\/sitio\/wp-json\/wp\/v2\/categories?post=56404"},{"taxonomy":"post_tag","embeddable":true,"href":"https:\/\/vocesparalelas.com.ar\/sitio\/wp-json\/wp\/v2\/tags?post=56404"}],"curies":[{"name":"wp","href":"https:\/\/api.w.org\/{rel}","templated":true}]}}