{"id":56396,"date":"2023-02-06T21:50:51","date_gmt":"2023-02-07T00:50:51","guid":{"rendered":"https:\/\/vocesparalelas.com.ar\/sitio\/?p=56396"},"modified":"2023-02-07T01:01:48","modified_gmt":"2023-02-07T04:01:48","slug":"san-juan-se-destaco-en-los-festivales-de-cosquin-jesus-maria-y-de-malambo","status":"publish","type":"post","link":"https:\/\/vocesparalelas.com.ar\/sitio\/san-juan-se-destaco-en-los-festivales-de-cosquin-jesus-maria-y-de-malambo\/","title":{"rendered":"San Juan se destac\u00f3 en los Festivales de Cosqu\u00edn, Jes\u00fas Mar\u00eda y de Malambo"},"content":{"rendered":"<p>El gobernador de San Juan, Dr. Sergio U\u00f1ac recibi\u00f3 en Casa de Gobierno a artistas sanjuaninos que tuvieron destacadas actuaciones en distintas categor\u00edas de los festivales de Cosqu\u00edn,\u00a0Jes\u00fas Mar\u00eda\u00a0y\u00a0de Malambo, en encuentro que cont\u00f3 adem\u00e1s con la presencia de la ministra de Turismo y Cultura, Lic. Claudia Grynszpan; la secretaria de Cultura, Lic. Virginia Agote y el secretario de Turismo, Dr. Roberto Ju\u00e1rez.<\/p>\n<p>El mandatario se dirigi\u00f3 a los artistas presentes por su desempe\u00f1o en los principales escenarios del pa\u00eds y se\u00f1al\u00f3 que \u201clo que ustedes han construido, lo que en conjunto nos hemos animado a hacer en la provincia de San Juan, es muy importante\u201d.<\/p>\n<p>Seguidamente el gobernador se refiri\u00f3 a las pol\u00edticas culturales impulsadas por la Provincia que propiciaron \u00abun quiebre muy fuerte en positivo, que nos ha permitido sentirnos orgullosos, sabiendo que lo que hemos avanzado ha sido casi incalculable y no ha sido fruto del azar, sino fruto del esfuerzo de cada uno de ustedes\u201d.<\/p>\n<p>El Dr. U\u00f1ac consider\u00f3 que esta construcci\u00f3n ha posibilitado que \u201cSan Juan aparezca, que se haga sentir, que podamos sacar el pecho con orgullo diciendo &#8216;Esto somos nosotros; somos cultura, deporte, somos una de las geograf\u00edas m\u00e1s lindas del pa\u00eds\u00bb.<\/p>\n<p>En ese marco, se\u00f1al\u00f3 \u00abSan Juan fue en el 2022 la provincia que m\u00e1s eventos tuvo en el contexto nacional y que m\u00e1s crecimiento tur\u00edstico tuvo en ese \u00edtem\u00bb.<\/p>\n<p>El mandatario destac\u00f3 asimismo el valor de las pol\u00edticas de Estado consolidadas, asegurando que \u00abya no es la decisi\u00f3n de un grupo, es un camino y estas cosas van arraig\u00e1ndose porque ya no es un solo hecho, es una sumatoria de hechos, de congresos, de eventos deportivos, culturales de mostrar la geograf\u00eda que tenemos en San Juan\u00bb.<\/p>\n<p>Por \u00faltimo, U\u00f1ac invit\u00f3 a los artistas a recrear una puesta de Cosqu\u00edn que la Fiesta Nacional del Sol, como \u00abun gran tributo de San Juan hacia ustedes por lo que han hecho\u201d .<\/p>\n<p>Seguidamente, la ministra Grynszpan se refiri\u00f3 a la decisi\u00f3n de desarrollar a la cultura como una pol\u00edtica de Estado: \u00abEs nuestra identidad, sostener nuestras ra\u00edces para construirnos de una manera mejor manera, con libertad, pensamiento y reflexi\u00f3n\u00bb.<\/p>\n<p>La funcionaria ponder\u00f3 la \u00abcultura como fuente de trabajo\u00bb y puso de relieve la actuaci\u00f3n de los artistas locales: \u00abNos orgullece, nos trae alegr\u00eda como pueblo. Grandes referentes nacionales se quedan maravillados de los talentos y el desarrollo que hay aqu\u00ed en las distintas disciplinas\u00bb.<\/p>\n<p>Por su parte, la secretaria Agote hizo menci\u00f3n del trabajo conjunto de distintas \u00e1reas de Gobierno para los representantes locales: \u00abLos artistas sanjuaninos cuentan con el apoyo del Gobierno, no solo en estos cert\u00e1menes\u00bb e inst\u00f3 a los artistas a \u00abseguir desarroll\u00e1ndose, capacit\u00e1ndose y seguir creciendo para seguir represent\u00e1ndonos de la mejor manera\u00bb.<\/p>\n<p>&nbsp;<\/p>\n<p>&nbsp;<\/p>\n","protected":false},"excerpt":{"rendered":"<p>El gobernador de San Juan, Dr. Sergio U\u00f1ac recibi\u00f3 en Casa de Gobierno a artistas sanjuaninos que tuvieron destacadas actuaciones<\/p>\n","protected":false},"author":3,"featured_media":56399,"comment_status":"closed","ping_status":"closed","sticky":false,"template":"","format":"standard","meta":{"_acf_changed":false,"_seopress_robots_primary_cat":"none","_seopress_titles_title":"","_seopress_titles_desc":"","_seopress_robots_index":"","colormag_page_container_layout":"default_layout","colormag_page_sidebar_layout":"default_layout","footnotes":""},"categories":[1],"tags":[],"class_list":["post-56396","post","type-post","status-publish","format-standard","has-post-thumbnail","hentry","category-destacadas"],"acf":[],"_links":{"self":[{"href":"https:\/\/vocesparalelas.com.ar\/sitio\/wp-json\/wp\/v2\/posts\/56396","targetHints":{"allow":["GET"]}}],"collection":[{"href":"https:\/\/vocesparalelas.com.ar\/sitio\/wp-json\/wp\/v2\/posts"}],"about":[{"href":"https:\/\/vocesparalelas.com.ar\/sitio\/wp-json\/wp\/v2\/types\/post"}],"author":[{"embeddable":true,"href":"https:\/\/vocesparalelas.com.ar\/sitio\/wp-json\/wp\/v2\/users\/3"}],"replies":[{"embeddable":true,"href":"https:\/\/vocesparalelas.com.ar\/sitio\/wp-json\/wp\/v2\/comments?post=56396"}],"version-history":[{"count":1,"href":"https:\/\/vocesparalelas.com.ar\/sitio\/wp-json\/wp\/v2\/posts\/56396\/revisions"}],"predecessor-version":[{"id":56400,"href":"https:\/\/vocesparalelas.com.ar\/sitio\/wp-json\/wp\/v2\/posts\/56396\/revisions\/56400"}],"wp:featuredmedia":[{"embeddable":true,"href":"https:\/\/vocesparalelas.com.ar\/sitio\/wp-json\/wp\/v2\/media\/56399"}],"wp:attachment":[{"href":"https:\/\/vocesparalelas.com.ar\/sitio\/wp-json\/wp\/v2\/media?parent=56396"}],"wp:term":[{"taxonomy":"category","embeddable":true,"href":"https:\/\/vocesparalelas.com.ar\/sitio\/wp-json\/wp\/v2\/categories?post=56396"},{"taxonomy":"post_tag","embeddable":true,"href":"https:\/\/vocesparalelas.com.ar\/sitio\/wp-json\/wp\/v2\/tags?post=56396"}],"curies":[{"name":"wp","href":"https:\/\/api.w.org\/{rel}","templated":true}]}}