{"id":56391,"date":"2023-02-06T22:44:56","date_gmt":"2023-02-07T01:44:56","guid":{"rendered":"https:\/\/vocesparalelas.com.ar\/sitio\/?p=56391"},"modified":"2023-02-07T00:45:09","modified_gmt":"2023-02-07T03:45:09","slug":"san-juan-presente-en-el-consejo-federal-de-salud","status":"publish","type":"post","link":"https:\/\/vocesparalelas.com.ar\/sitio\/san-juan-presente-en-el-consejo-federal-de-salud\/","title":{"rendered":"San Juan presente en el Consejo Federal de Salud"},"content":{"rendered":"<p>Con la presencia del Jefe de Gabinete de Ministros Dr. Juan Manzur, la ministra de Salud de la Naci\u00f3n, Dra. Carla Vizzotti y las autoridades de salud de las veinticuatro jurisdicciones se realiz\u00f3 un nuevo encuentro del Consejo Federal de Salud &#8211; Cofesa &#8211; en el Sal\u00f3n Pueblos Originarios de la Casa Rosada, ciudad de Buenos Aires.<\/p>\n<p>En la jornada se presentaron los principales ejes de trabajo para el 2023, que tienen como prioridad el fortalecimiento del sistema sanitario y la implementaci\u00f3n de pol\u00edticas p\u00fablicas que sigan favoreciendo la calidad, la equidad y el acceso a la salud con mirada federal.<\/p>\n<p>La Dra. Venerando se encuentra en la Ciudad de Buenos Aires acompa\u00f1ada por la secretaria de Planificaci\u00f3n, Dra. Alina Almaz\u00e1n.<\/p>\n<p>En la reuni\u00f3n se desarrollaron diferentes tem\u00e1ticas referentes a la salud de la poblaci\u00f3n, entre ellas: receta digital y licencia sanitaria federal; residencias, novedades del proyecto de ley, cronogramas examen 2023, nuevo sistema de evaluaci\u00f3n y presentaci\u00f3n de tableros de informaci\u00f3n nacional; presentaci\u00f3n del manual de seguridad del paciente; plan de reconstrucci\u00f3n del sistema de salud, avances de la red federal de bioim\u00e1genes.<\/p>\n<p>Tambi\u00e9n se dialog\u00f3 acerca de la estrategia federal de abordaje integral de la salud mental; sobre los profesionales veterinarios, declaraci\u00f3n de inter\u00e9s sanitario en el marco de UNA salud; presentaci\u00f3n de las tasas de mortalidad infantil y materna 2021 en Argentina; vacunaci\u00f3n COVID-19, avances del plan de vacunaci\u00f3n, coberturas, estrategia nacional de vacunaci\u00f3n; entre otros temas.<\/p>\n<p>Particularmente, la Dra. Venerando brind\u00f3 su opini\u00f3n sobre la importancia de las residencias m\u00e9dicas para seguir contando con profesionales m\u00e9dicos especializados en cada uno de los hospitales y centros de salud de San Juan. Tambi\u00e9n explic\u00f3 sobre el trabajo que se viene desarrollando a nivel provincial, en la tem\u00e1tica de salud mental, a trav\u00e9s de la Red de Abordaje Intersectorial de Emergentes de Salud, sobre el planteo de los objetivos y acciones propuestas para seguir abordando durante este nuevo a\u00f1o.<\/p>\n<p>Finalmente, la actividad tuvo su cierre con las palabras de la ministra Dra. Carla Vizzotti quien agradeci\u00f3 la presencia y el acompa\u00f1amiento de Manzur, y se\u00f1al\u00f3 que \u201ceste ser\u00e1 un a\u00f1o de trabajo intenso para seguir profundizando en pol\u00edticas que mejoren la equidad, la calidad y el acceso al sistema de salud\u201d.<\/p>\n","protected":false},"excerpt":{"rendered":"<p>Con la presencia del Jefe de Gabinete de Ministros Dr. Juan Manzur, la ministra de Salud de la Naci\u00f3n, Dra.<\/p>\n","protected":false},"author":3,"featured_media":56394,"comment_status":"closed","ping_status":"closed","sticky":false,"template":"","format":"standard","meta":{"_acf_changed":false,"_seopress_robots_primary_cat":"none","_seopress_titles_title":"","_seopress_titles_desc":"","_seopress_robots_index":"","colormag_page_container_layout":"default_layout","colormag_page_sidebar_layout":"default_layout","footnotes":""},"categories":[1],"tags":[],"class_list":["post-56391","post","type-post","status-publish","format-standard","has-post-thumbnail","hentry","category-destacadas"],"acf":[],"_links":{"self":[{"href":"https:\/\/vocesparalelas.com.ar\/sitio\/wp-json\/wp\/v2\/posts\/56391","targetHints":{"allow":["GET"]}}],"collection":[{"href":"https:\/\/vocesparalelas.com.ar\/sitio\/wp-json\/wp\/v2\/posts"}],"about":[{"href":"https:\/\/vocesparalelas.com.ar\/sitio\/wp-json\/wp\/v2\/types\/post"}],"author":[{"embeddable":true,"href":"https:\/\/vocesparalelas.com.ar\/sitio\/wp-json\/wp\/v2\/users\/3"}],"replies":[{"embeddable":true,"href":"https:\/\/vocesparalelas.com.ar\/sitio\/wp-json\/wp\/v2\/comments?post=56391"}],"version-history":[{"count":1,"href":"https:\/\/vocesparalelas.com.ar\/sitio\/wp-json\/wp\/v2\/posts\/56391\/revisions"}],"predecessor-version":[{"id":56395,"href":"https:\/\/vocesparalelas.com.ar\/sitio\/wp-json\/wp\/v2\/posts\/56391\/revisions\/56395"}],"wp:featuredmedia":[{"embeddable":true,"href":"https:\/\/vocesparalelas.com.ar\/sitio\/wp-json\/wp\/v2\/media\/56394"}],"wp:attachment":[{"href":"https:\/\/vocesparalelas.com.ar\/sitio\/wp-json\/wp\/v2\/media?parent=56391"}],"wp:term":[{"taxonomy":"category","embeddable":true,"href":"https:\/\/vocesparalelas.com.ar\/sitio\/wp-json\/wp\/v2\/categories?post=56391"},{"taxonomy":"post_tag","embeddable":true,"href":"https:\/\/vocesparalelas.com.ar\/sitio\/wp-json\/wp\/v2\/tags?post=56391"}],"curies":[{"name":"wp","href":"https:\/\/api.w.org\/{rel}","templated":true}]}}