{"id":56387,"date":"2023-02-06T23:28:53","date_gmt":"2023-02-07T02:28:53","guid":{"rendered":"https:\/\/vocesparalelas.com.ar\/sitio\/?p=56387"},"modified":"2023-02-09T01:08:29","modified_gmt":"2023-02-09T04:08:29","slug":"prorrogas-para-los-certificados-unicos-de-discapacidad-en-san-juan","status":"publish","type":"post","link":"https:\/\/vocesparalelas.com.ar\/sitio\/prorrogas-para-los-certificados-unicos-de-discapacidad-en-san-juan\/","title":{"rendered":"Pr\u00f3rrogas para los Certificados \u00danicos de Discapacidad en San Juan"},"content":{"rendered":"<p>El Ministerio de Desarrollo Humano y Promoci\u00f3n Social del Gobierno de San Juan, a trav\u00e9s de la Direcci\u00f3n de Personas con Discapacidad informa a la comunidad que, mediante la resoluci\u00f3n emitida por la Agencia Nacional de Discapacidad, se prorrogan por el t\u00e9rmino de un (1) a\u00f1o contado desde la fecha de su vencimiento, los Certificados \u00danicos de Discapacidad &#8211; CUD &#8211; emitidos en virtud de las Leyes N\u00ba 22.431 y sus modificatorias y N\u00ba 24.901, con vencimiento entre el 1\u00b0 de enero de 2023 y el 31 de diciembre del 2023, inclusive\u00bb, seg\u00fan se\u00f1ala el art\u00edculo 1\u00b0 de la normativa publicada en el Bolet\u00edn Oficial.<\/p>\n<ul>\n<li>Si tu CUD venci\u00f3 en 2021: tiene que tramitar la renovaci\u00f3n.<\/li>\n<li>Si tu CUD venci\u00f3 en el 2022: se prorroga su vigencia hasta la misma fecha de vencimiento que figura en el CUD, pero de 2024.<\/li>\n<li>Si tu CUD vence en cualquier fecha del 2023: se prorroga su vigencia por un a\u00f1o, hasta la misma fecha que figura en el CUD pero de 2024.<\/li>\n<\/ul>\n<p>Para saber si tu CUD contin\u00faa vigente puede realizar una consulta p\u00fablica ingresando a<\/p>\n<p><a href=\"http:\/\/www.argentina.gob.ar\/andis\/consultas-publicas\">http:\/\/www.argentina.gob.ar\/andis\/consultas-publicas<\/a><\/p>\n<p>De esta forma, todos los CUD cuyo vencimiento de 2022 se hab\u00eda dejado sin efecto, vuelven a encontrarse sin l\u00edmite de vigencia. Lo mismo sucede con los pautados para 2023.<\/p>\n<p>En este sentido, se pretende a partir del otorgamiento del Certificado \u00danico de Discapacidad &#8211; CUD -, facilitar la disponibilidad de los recursos t\u00e9cnicos necesarios que garanticen a las personas con discapacidad el acceso a sus derechos.<\/p>\n","protected":false},"excerpt":{"rendered":"<p>El Ministerio de Desarrollo Humano y Promoci\u00f3n Social del Gobierno de San Juan, a trav\u00e9s de la Direcci\u00f3n de Personas<\/p>\n","protected":false},"author":3,"featured_media":30109,"comment_status":"closed","ping_status":"closed","sticky":false,"template":"","format":"standard","meta":{"_acf_changed":false,"_seopress_robots_primary_cat":"none","_seopress_titles_title":"","_seopress_titles_desc":"","_seopress_robots_index":"","colormag_page_container_layout":"default_layout","colormag_page_sidebar_layout":"default_layout","footnotes":""},"categories":[6],"tags":[],"class_list":["post-56387","post","type-post","status-publish","format-standard","has-post-thumbnail","hentry","category-eventos"],"acf":[],"_links":{"self":[{"href":"https:\/\/vocesparalelas.com.ar\/sitio\/wp-json\/wp\/v2\/posts\/56387","targetHints":{"allow":["GET"]}}],"collection":[{"href":"https:\/\/vocesparalelas.com.ar\/sitio\/wp-json\/wp\/v2\/posts"}],"about":[{"href":"https:\/\/vocesparalelas.com.ar\/sitio\/wp-json\/wp\/v2\/types\/post"}],"author":[{"embeddable":true,"href":"https:\/\/vocesparalelas.com.ar\/sitio\/wp-json\/wp\/v2\/users\/3"}],"replies":[{"embeddable":true,"href":"https:\/\/vocesparalelas.com.ar\/sitio\/wp-json\/wp\/v2\/comments?post=56387"}],"version-history":[{"count":1,"href":"https:\/\/vocesparalelas.com.ar\/sitio\/wp-json\/wp\/v2\/posts\/56387\/revisions"}],"predecessor-version":[{"id":56390,"href":"https:\/\/vocesparalelas.com.ar\/sitio\/wp-json\/wp\/v2\/posts\/56387\/revisions\/56390"}],"wp:featuredmedia":[{"embeddable":true,"href":"https:\/\/vocesparalelas.com.ar\/sitio\/wp-json\/wp\/v2\/media\/30109"}],"wp:attachment":[{"href":"https:\/\/vocesparalelas.com.ar\/sitio\/wp-json\/wp\/v2\/media?parent=56387"}],"wp:term":[{"taxonomy":"category","embeddable":true,"href":"https:\/\/vocesparalelas.com.ar\/sitio\/wp-json\/wp\/v2\/categories?post=56387"},{"taxonomy":"post_tag","embeddable":true,"href":"https:\/\/vocesparalelas.com.ar\/sitio\/wp-json\/wp\/v2\/tags?post=56387"}],"curies":[{"name":"wp","href":"https:\/\/api.w.org\/{rel}","templated":true}]}}