{"id":56383,"date":"2023-02-06T20:24:42","date_gmt":"2023-02-06T23:24:42","guid":{"rendered":"https:\/\/vocesparalelas.com.ar\/sitio\/?p=56383"},"modified":"2023-02-09T01:05:23","modified_gmt":"2023-02-09T04:05:23","slug":"se-aplica-en-san-juan-un-dispositivo-inclusivo-que-permite-el-acceso-a-una-mejor-lectura-para-personas-con-discapacidad-visual","status":"publish","type":"post","link":"https:\/\/vocesparalelas.com.ar\/sitio\/se-aplica-en-san-juan-un-dispositivo-inclusivo-que-permite-el-acceso-a-una-mejor-lectura-para-personas-con-discapacidad-visual\/","title":{"rendered":"Se aplica en San Juan un dispositivo inclusivo que permite el acceso a una mejor lectura para personas con discapacidad visual"},"content":{"rendered":"<p>El acceso a la informaci\u00f3n y a una educaci\u00f3n de calidad constituyen derechos, es responsabilidad del Estado garantizar las condiciones materiales que permitan a las personas con discapacidad su ejercicio pleno, en igualdad de condiciones con las dem\u00e1s, generando y facilitando los mecanismos de apoyo y los elementos t\u00e9cnicos necesarios para tal fin.<\/p>\n<p>Desde el 10 de Febrero al 30 de Marzo se convoca a trav\u00e9s de la Agencia Nacional de Discapacidad en el marco del Programa de Apoyos T\u00e9cnicos, para la adquisici\u00f3n del sistema PROCER 3, un dispositivo inclusivo que permite el acceso a una mejor lectura para personas con discapacidad visual. Seg\u00fan el registro del Certificado \u00danico de Discapacidad, en nuestro pa\u00eds, hay 3.667 adolescentes y j\u00f3venes entre 12 y 18 a\u00f1os que tienen discapacidad visual, cuyas edades corresponden al nivel medio de la escuela formal.<\/p>\n<p>PROCER 3 es un dispositivo port\u00e1til de lectura auditiva pensado para personas con discapacidad visual. Permite leer en diferentes contextos, materiales tanto impresos como manuscritos y contenidos digitales. El sistema admite las siguientes formas de cargar texto, dependiendo de la condici\u00f3n visual y preferencias personales:<\/p>\n<ul>\n<li>Utilizando una c\u00e1mara externa que se incorpora a cualquier lente tradicional o en el dedo. Esto resulta muy \u00fatil para lecturas r\u00e1pidas. Leer prospectos de medicamentos, textos manuscritos, tr\u00e1mites gubernamentales, carteles, notas en papel, cheques, recibos bancarios, entre otros.<\/li>\n<li>Con el esc\u00e1ner port\u00e1til adaptado que brinda se\u00f1ales sonoras y se utiliza para digitalizar lo que se desea leer, como por ejemplo la p\u00e1gina de un libro. Ideal para situaciones de estudio y trabajo.<\/li>\n<li>Pendrive y almacenamiento en la nube. Recomendado para procesar grandes cantidades de material.<\/li>\n<\/ul>\n<p>Es importante destacar que garantizar la disponibilidad de un dispositivo PROCER 3 -\u00fanico de sus caracter\u00edsticas de producci\u00f3n nacional-, facilitar\u00eda las tareas escolares y la continuidad educativa tanto en el nivel medio como el acceso a la educaci\u00f3n superior, y contribuir\u00eda la autonom\u00eda de los adolescentes y j\u00f3venes con discapacidad visual.<\/p>\n","protected":false},"excerpt":{"rendered":"<p>El acceso a la informaci\u00f3n y a una educaci\u00f3n de calidad constituyen derechos, es responsabilidad del Estado garantizar las condiciones<\/p>\n","protected":false},"author":3,"featured_media":21345,"comment_status":"closed","ping_status":"closed","sticky":false,"template":"","format":"standard","meta":{"_acf_changed":false,"_seopress_robots_primary_cat":"none","_seopress_titles_title":"","_seopress_titles_desc":"","_seopress_robots_index":"","colormag_page_container_layout":"default_layout","colormag_page_sidebar_layout":"default_layout","footnotes":""},"categories":[5],"tags":[],"class_list":["post-56383","post","type-post","status-publish","format-standard","has-post-thumbnail","hentry","category-ofrecimientos"],"acf":[],"_links":{"self":[{"href":"https:\/\/vocesparalelas.com.ar\/sitio\/wp-json\/wp\/v2\/posts\/56383","targetHints":{"allow":["GET"]}}],"collection":[{"href":"https:\/\/vocesparalelas.com.ar\/sitio\/wp-json\/wp\/v2\/posts"}],"about":[{"href":"https:\/\/vocesparalelas.com.ar\/sitio\/wp-json\/wp\/v2\/types\/post"}],"author":[{"embeddable":true,"href":"https:\/\/vocesparalelas.com.ar\/sitio\/wp-json\/wp\/v2\/users\/3"}],"replies":[{"embeddable":true,"href":"https:\/\/vocesparalelas.com.ar\/sitio\/wp-json\/wp\/v2\/comments?post=56383"}],"version-history":[{"count":1,"href":"https:\/\/vocesparalelas.com.ar\/sitio\/wp-json\/wp\/v2\/posts\/56383\/revisions"}],"predecessor-version":[{"id":56386,"href":"https:\/\/vocesparalelas.com.ar\/sitio\/wp-json\/wp\/v2\/posts\/56383\/revisions\/56386"}],"wp:featuredmedia":[{"embeddable":true,"href":"https:\/\/vocesparalelas.com.ar\/sitio\/wp-json\/wp\/v2\/media\/21345"}],"wp:attachment":[{"href":"https:\/\/vocesparalelas.com.ar\/sitio\/wp-json\/wp\/v2\/media?parent=56383"}],"wp:term":[{"taxonomy":"category","embeddable":true,"href":"https:\/\/vocesparalelas.com.ar\/sitio\/wp-json\/wp\/v2\/categories?post=56383"},{"taxonomy":"post_tag","embeddable":true,"href":"https:\/\/vocesparalelas.com.ar\/sitio\/wp-json\/wp\/v2\/tags?post=56383"}],"curies":[{"name":"wp","href":"https:\/\/api.w.org\/{rel}","templated":true}]}}