{"id":56374,"date":"2023-02-06T19:51:11","date_gmt":"2023-02-06T22:51:11","guid":{"rendered":"https:\/\/vocesparalelas.com.ar\/sitio\/?p=56374"},"modified":"2023-02-06T20:07:48","modified_gmt":"2023-02-06T23:07:48","slug":"se-desarrollo-la-noche-federal-con-las-maquetas-del-carrusel-2023-de-la-fns-en-san-juan","status":"publish","type":"post","link":"https:\/\/vocesparalelas.com.ar\/sitio\/se-desarrollo-la-noche-federal-con-las-maquetas-del-carrusel-2023-de-la-fns-en-san-juan\/","title":{"rendered":"Se desarroll\u00f3 la Noche Federal con las maquetas del Carrusel 2023 de la FNS en San Juan"},"content":{"rendered":"<p>Faltan pocos d\u00edas para una nueva edici\u00f3n de la Fiesta Nacional del Sol 2023 y los detalles finales comenzaron a conocerse. En este contexto, la tradicional Noche Federal se realiz\u00f3 en el Paseo de las Palmeras del Parque de Mayo, donde el p\u00fablico se apost\u00f3 con reposeras, lonas, mates y una gran expectativa sobre lo que se vivir\u00e1 desde el 21 de febrero en el Costanera Complejo Ferial.<\/p>\n<p>En este marco, estuvieron presentes la ministra de Turismo y Cultura, Lic. Claudia Grynszpan, la secretaria de Cultura; Lic. Virginia Agote; el secretario de Turismo, Dr. Roberto Ju\u00e1rez; intendentes y funcionarios.<\/p>\n<p>En un clima distendido y festivo, al aire libre, el p\u00fablico en general pudo disfrutar de la\u00a0exhibici\u00f3n de maquetas de los carruajes que desfilar\u00e1n por el Cors\u00f3dromo\u00a0que forma parte del Complejo Ferial. A lo largo de un recorrido, cada uno de los stands mostraron las maquetas de los carruajes del Carrusel 2023, donde los responsables del armado brindaron detalles, caracter\u00edsticas, componentes y simbolog\u00eda sobre los mismos.<\/p>\n<p>A este paseo,\u00a0se sumaron los proyectos seleccionados y sus representantes departamentales del programa Forjar Caminos, que busca visibilizar a gestoras que trabajan en proyectos territoriales, conscientes de las necesidades de su entorno, con sus aportes a trav\u00e9s de acciones colectivas en busca de construir una sociedad mejor.<\/p>\n<p>Durante la noche, tambi\u00e9n tuvo lugar la presentaci\u00f3n del\u00a0programa Identidades\u00a0que tiene como objetivo impulsar el desarrollo cultural de cada departamento de San Juan y mostrar su esencia a trav\u00e9s de una canci\u00f3n y coreograf\u00eda identitarias creadas por artistas de su territorio. Cabe destacar que los departamentos tuvieron un rol activo y clave a lo largo del proceso de inscripci\u00f3n, selecci\u00f3n, creaci\u00f3n y exposici\u00f3n de cada canci\u00f3n y coreograf\u00eda identitarias.<\/p>\n<p>La banda oficial de la FNS present\u00f3 \u201cConectados\u201d y \u201cVoy a luchar\u201d, canciones oficiales de esta edici\u00f3n,\u00a0producciones \u00edntegramente sanjuaninas.<\/p>\n<p>Durante la Noche Federal, adem\u00e1s de conocer algunos adelantos de esta nueva edici\u00f3n,\u00a0los visitantes disfrutaron del encuentro con mucho entretenimiento a trav\u00e9s del tr\u00e1iler de Conectados, juegos y premios como tambi\u00e9n de la feria de artesanos.<\/p>\n<p>&nbsp;<\/p>\n","protected":false},"excerpt":{"rendered":"<p>Faltan pocos d\u00edas para una nueva edici\u00f3n de la Fiesta Nacional del Sol 2023 y los detalles finales comenzaron a<\/p>\n","protected":false},"author":3,"featured_media":56377,"comment_status":"closed","ping_status":"closed","sticky":false,"template":"","format":"standard","meta":{"_acf_changed":false,"_seopress_robots_primary_cat":"none","_seopress_titles_title":"","_seopress_titles_desc":"","_seopress_robots_index":"","colormag_page_container_layout":"default_layout","colormag_page_sidebar_layout":"default_layout","footnotes":""},"categories":[1],"tags":[],"class_list":["post-56374","post","type-post","status-publish","format-standard","has-post-thumbnail","hentry","category-destacadas"],"acf":[],"_links":{"self":[{"href":"https:\/\/vocesparalelas.com.ar\/sitio\/wp-json\/wp\/v2\/posts\/56374","targetHints":{"allow":["GET"]}}],"collection":[{"href":"https:\/\/vocesparalelas.com.ar\/sitio\/wp-json\/wp\/v2\/posts"}],"about":[{"href":"https:\/\/vocesparalelas.com.ar\/sitio\/wp-json\/wp\/v2\/types\/post"}],"author":[{"embeddable":true,"href":"https:\/\/vocesparalelas.com.ar\/sitio\/wp-json\/wp\/v2\/users\/3"}],"replies":[{"embeddable":true,"href":"https:\/\/vocesparalelas.com.ar\/sitio\/wp-json\/wp\/v2\/comments?post=56374"}],"version-history":[{"count":1,"href":"https:\/\/vocesparalelas.com.ar\/sitio\/wp-json\/wp\/v2\/posts\/56374\/revisions"}],"predecessor-version":[{"id":56378,"href":"https:\/\/vocesparalelas.com.ar\/sitio\/wp-json\/wp\/v2\/posts\/56374\/revisions\/56378"}],"wp:featuredmedia":[{"embeddable":true,"href":"https:\/\/vocesparalelas.com.ar\/sitio\/wp-json\/wp\/v2\/media\/56377"}],"wp:attachment":[{"href":"https:\/\/vocesparalelas.com.ar\/sitio\/wp-json\/wp\/v2\/media?parent=56374"}],"wp:term":[{"taxonomy":"category","embeddable":true,"href":"https:\/\/vocesparalelas.com.ar\/sitio\/wp-json\/wp\/v2\/categories?post=56374"},{"taxonomy":"post_tag","embeddable":true,"href":"https:\/\/vocesparalelas.com.ar\/sitio\/wp-json\/wp\/v2\/tags?post=56374"}],"curies":[{"name":"wp","href":"https:\/\/api.w.org\/{rel}","templated":true}]}}