{"id":56348,"date":"2023-02-05T10:55:25","date_gmt":"2023-02-05T13:55:25","guid":{"rendered":"https:\/\/vocesparalelas.com.ar\/sitio\/?p=56348"},"modified":"2023-02-07T01:02:42","modified_gmt":"2023-02-07T04:02:42","slug":"reflexiones-para-los-aspirantes-del-curso-de-ingreso-2023-de-la-fi-de-la-unsj","status":"publish","type":"post","link":"https:\/\/vocesparalelas.com.ar\/sitio\/reflexiones-para-los-aspirantes-del-curso-de-ingreso-2023-de-la-fi-de-la-unsj\/","title":{"rendered":"Reflexiones para los aspirantes del curso de ingreso 2023 de la FI de la UNSJ"},"content":{"rendered":"<p>La Facultad de Ingenier\u00eda de la Universidad Nacional de San Juan, el Mi\u00e9rcoles, 01 de Febrero, comenz\u00f3 el dictado presencial del dictado del Curso de Ingreso 2023 con 1246 aspirantes.<\/p>\n<p>Por ello, Voces Paralelas desarroll\u00f3 un entrevista period\u00edstica al Decano de la FI de la UNSJ, Ing. Mario Fern\u00e1ndez, quien realiz\u00f3 Reflexiones con el curso de ingreso 2023 como contenci\u00f3n de los aspirantes a las distintas carreras de la Unidad Acad\u00e9mica.<\/p>\n<p><iframe loading=\"lazy\" title=\"FI-UNSJ ING MARIO FERN\u00c1NDEZ\" width=\"800\" height=\"450\" src=\"https:\/\/www.youtube.com\/embed\/N4Ud6YeESKc?feature=oembed\" frameborder=\"0\" allow=\"accelerometer; autoplay; clipboard-write; encrypted-media; gyroscope; picture-in-picture; web-share\" allowfullscreen><\/iframe><\/p>\n<p>Es importante destacar que, para el aspirante al ingreso 2023 a la FI de la UNSJ, a cualquiera de sus carreras de grado<\/p>\n<ul>\n<li>Bioingenier\u00eda<\/li>\n<li>Ingenier\u00eda Agron\u00f3mica<\/li>\n<li>Ingenier\u00eda Civil<\/li>\n<li>Ingenier\u00eda de Minas<\/li>\n<li>Ingenier\u00eda El\u00e9ctrica<\/li>\n<li>Ingenier\u00eda Electromec\u00e1nica<\/li>\n<li>Ingenier\u00eda Electr\u00f3nica<\/li>\n<li>Ingenier\u00eda en Agrimensura<\/li>\n<li>Ingenier\u00eda en Alimentos<\/li>\n<li>Ingenier\u00eda en Metalurgia Extractiva<\/li>\n<li>Ingenier\u00eda Industrial<\/li>\n<li>Ingenier\u00eda Mec\u00e1nica<\/li>\n<li>Ingenier\u00eda Qu\u00edmica<\/li>\n<\/ul>\n<p><strong><span style=\"color: #339966;\">Tecnicaturas Universitarias<\/span><\/strong><\/p>\n<ul>\n<li>Tecnicatura en Agroindustrias<\/li>\n<\/ul>\n<p>Se convierte en un gran desaf\u00edo no s\u00f3lo para el ingresante sino para la familia y la comunidad. Todos deben trabajar para la contenci\u00f3n para que comience y finalice lo emprendido. Esta es la primera etapa. Luego, inicia una nueva etapa vendr\u00e1 una vez\u00a0 que ingrese como alumno de la carrera elegida que significa comenzar y terminar cada a\u00f1o hasta alcanzar el t\u00edtulo de grado. En cada instancia la familia cumple un rol muy importante como as\u00ed tambi\u00e9n la FI de la UNSJ con sus docentes, alumnos avanzados en la carrera entre otros. Los estudiantes que lograron el t\u00edtulo dicen \u00abhay que atornillarse en una silla y estudiar y estudiar porque es el rol que tenemos y el legado de los padres y la FI de la UNSJ\u00bb.<\/p>\n","protected":false},"excerpt":{"rendered":"<p>La Facultad de Ingenier\u00eda de la Universidad Nacional de San Juan, el Mi\u00e9rcoles, 01 de Febrero, comenz\u00f3 el dictado presencial<\/p>\n","protected":false},"author":3,"featured_media":56357,"comment_status":"closed","ping_status":"closed","sticky":false,"template":"","format":"video","meta":{"_acf_changed":false,"_seopress_robots_primary_cat":"none","_seopress_titles_title":"","_seopress_titles_desc":"","_seopress_robots_index":"","colormag_page_container_layout":"default_layout","colormag_page_sidebar_layout":"default_layout","footnotes":""},"categories":[10,7],"tags":[],"class_list":["post-56348","post","type-post","status-publish","format-video","has-post-thumbnail","hentry","category-opiniones","category-videos","post_format-post-format-video"],"acf":[],"_links":{"self":[{"href":"https:\/\/vocesparalelas.com.ar\/sitio\/wp-json\/wp\/v2\/posts\/56348","targetHints":{"allow":["GET"]}}],"collection":[{"href":"https:\/\/vocesparalelas.com.ar\/sitio\/wp-json\/wp\/v2\/posts"}],"about":[{"href":"https:\/\/vocesparalelas.com.ar\/sitio\/wp-json\/wp\/v2\/types\/post"}],"author":[{"embeddable":true,"href":"https:\/\/vocesparalelas.com.ar\/sitio\/wp-json\/wp\/v2\/users\/3"}],"replies":[{"embeddable":true,"href":"https:\/\/vocesparalelas.com.ar\/sitio\/wp-json\/wp\/v2\/comments?post=56348"}],"version-history":[{"count":1,"href":"https:\/\/vocesparalelas.com.ar\/sitio\/wp-json\/wp\/v2\/posts\/56348\/revisions"}],"predecessor-version":[{"id":56358,"href":"https:\/\/vocesparalelas.com.ar\/sitio\/wp-json\/wp\/v2\/posts\/56348\/revisions\/56358"}],"wp:featuredmedia":[{"embeddable":true,"href":"https:\/\/vocesparalelas.com.ar\/sitio\/wp-json\/wp\/v2\/media\/56357"}],"wp:attachment":[{"href":"https:\/\/vocesparalelas.com.ar\/sitio\/wp-json\/wp\/v2\/media?parent=56348"}],"wp:term":[{"taxonomy":"category","embeddable":true,"href":"https:\/\/vocesparalelas.com.ar\/sitio\/wp-json\/wp\/v2\/categories?post=56348"},{"taxonomy":"post_tag","embeddable":true,"href":"https:\/\/vocesparalelas.com.ar\/sitio\/wp-json\/wp\/v2\/tags?post=56348"}],"curies":[{"name":"wp","href":"https:\/\/api.w.org\/{rel}","templated":true}]}}