{"id":56339,"date":"2023-02-03T23:34:35","date_gmt":"2023-02-04T02:34:35","guid":{"rendered":"https:\/\/vocesparalelas.com.ar\/sitio\/?p=56339"},"modified":"2023-02-03T23:34:35","modified_gmt":"2023-02-04T02:34:35","slug":"se-fortalece-la-salud-publica-de-san-juan","status":"publish","type":"post","link":"https:\/\/vocesparalelas.com.ar\/sitio\/se-fortalece-la-salud-publica-de-san-juan\/","title":{"rendered":"Se fortalece la Salud P\u00fablica de San Juan"},"content":{"rendered":"<p>El Ministerio de Salud P\u00fablica del Gobierno de San Juan sigue fortaleciendo el servicio hacia la calidad de vida de la poblaci\u00f3n.<\/p>\n<p>Por ello, la ministra de Salud P\u00fablica, Dra. Alejandra Venerando inform\u00f3 que \u00abseguimos trabajando por la calidad del servicio por un lado la vacunaci\u00f3n, el equipamiento del hospital y la Obra Social Provincia\u00bb.<\/p>\n<p>La capacitaci\u00f3n del personal para la colocaci\u00f3n de las vacunas que llegaron a San Juan contra el COVID-19<\/p>\n<p><iframe loading=\"lazy\" title=\"DRA ALEJANDRA VENERANDO\" width=\"800\" height=\"450\" src=\"https:\/\/www.youtube.com\/embed\/sb1zWzn7Gio?feature=oembed\" frameborder=\"0\" allow=\"accelerometer; autoplay; clipboard-write; encrypted-media; gyroscope; picture-in-picture; web-share\" allowfullscreen><\/iframe><\/p>\n<p>&nbsp;<\/p>\n<p>Equipamiento de los Hospitales<\/p>\n<p><iframe loading=\"lazy\" title=\"DRA ALEJANDRA VENERANDO\" width=\"800\" height=\"450\" src=\"https:\/\/www.youtube.com\/embed\/PaJ5al6M5wc?feature=oembed\" frameborder=\"0\" allow=\"accelerometer; autoplay; clipboard-write; encrypted-media; gyroscope; picture-in-picture; web-share\" allowfullscreen><\/iframe><\/p>\n<p>&nbsp;<\/p>\n<p>La Obra Social Provincia con mejor servicio para los afiliados y cambios en el nomenclador para fortalecer el servicio de algunas especialidades y se sigue trabajando.<\/p>\n<p><iframe loading=\"lazy\" title=\"DRA. ALEJANDRA VENERANDO\" width=\"800\" height=\"450\" src=\"https:\/\/www.youtube.com\/embed\/hVfwJkchmPA?feature=oembed\" frameborder=\"0\" allow=\"accelerometer; autoplay; clipboard-write; encrypted-media; gyroscope; picture-in-picture; web-share\" allowfullscreen><\/iframe><\/p>\n","protected":false},"excerpt":{"rendered":"<p>El Ministerio de Salud P\u00fablica del Gobierno de San Juan sigue fortaleciendo el servicio hacia la calidad de vida de<\/p>\n","protected":false},"author":3,"featured_media":56342,"comment_status":"closed","ping_status":"closed","sticky":false,"template":"","format":"video","meta":{"_acf_changed":false,"_seopress_robots_primary_cat":"none","_seopress_titles_title":"","_seopress_titles_desc":"","_seopress_robots_index":"","colormag_page_container_layout":"default_layout","colormag_page_sidebar_layout":"default_layout","footnotes":""},"categories":[1,7],"tags":[],"class_list":["post-56339","post","type-post","status-publish","format-video","has-post-thumbnail","hentry","category-destacadas","category-videos","post_format-post-format-video"],"acf":[],"_links":{"self":[{"href":"https:\/\/vocesparalelas.com.ar\/sitio\/wp-json\/wp\/v2\/posts\/56339","targetHints":{"allow":["GET"]}}],"collection":[{"href":"https:\/\/vocesparalelas.com.ar\/sitio\/wp-json\/wp\/v2\/posts"}],"about":[{"href":"https:\/\/vocesparalelas.com.ar\/sitio\/wp-json\/wp\/v2\/types\/post"}],"author":[{"embeddable":true,"href":"https:\/\/vocesparalelas.com.ar\/sitio\/wp-json\/wp\/v2\/users\/3"}],"replies":[{"embeddable":true,"href":"https:\/\/vocesparalelas.com.ar\/sitio\/wp-json\/wp\/v2\/comments?post=56339"}],"version-history":[{"count":1,"href":"https:\/\/vocesparalelas.com.ar\/sitio\/wp-json\/wp\/v2\/posts\/56339\/revisions"}],"predecessor-version":[{"id":56343,"href":"https:\/\/vocesparalelas.com.ar\/sitio\/wp-json\/wp\/v2\/posts\/56339\/revisions\/56343"}],"wp:featuredmedia":[{"embeddable":true,"href":"https:\/\/vocesparalelas.com.ar\/sitio\/wp-json\/wp\/v2\/media\/56342"}],"wp:attachment":[{"href":"https:\/\/vocesparalelas.com.ar\/sitio\/wp-json\/wp\/v2\/media?parent=56339"}],"wp:term":[{"taxonomy":"category","embeddable":true,"href":"https:\/\/vocesparalelas.com.ar\/sitio\/wp-json\/wp\/v2\/categories?post=56339"},{"taxonomy":"post_tag","embeddable":true,"href":"https:\/\/vocesparalelas.com.ar\/sitio\/wp-json\/wp\/v2\/tags?post=56339"}],"curies":[{"name":"wp","href":"https:\/\/api.w.org\/{rel}","templated":true}]}}