{"id":56327,"date":"2023-02-03T22:19:25","date_gmt":"2023-02-04T01:19:25","guid":{"rendered":"https:\/\/vocesparalelas.com.ar\/sitio\/?p=56327"},"modified":"2023-02-03T22:19:25","modified_gmt":"2023-02-04T01:19:25","slug":"firmaron-2-convenios-para-el-traslado-de-bienes-del-estado-nacional-al-gobierno-de-san-juan","status":"publish","type":"post","link":"https:\/\/vocesparalelas.com.ar\/sitio\/firmaron-2-convenios-para-el-traslado-de-bienes-del-estado-nacional-al-gobierno-de-san-juan\/","title":{"rendered":"Firmaron 2 convenios para el traslado de bienes del Estado Nacional al Gobierno de San Juan"},"content":{"rendered":"<p>El gobernador de San Juan, Dr. Sergio U\u00f1ac\u00a0recibi\u00f3 en Casa de Gobierno al director de Asuntos Comunitarios de la Agencia de Administraci\u00f3n de Bienes del Estado, Mat\u00edas Federici.<\/p>\n<p>La visita oficial tuvo como eje una importante firma de permisos para crear un centro odontol\u00f3gico y la terminal de \u00f3mnibus de San Juan.<\/p>\n<p>El primer permiso otorga el uso precario y gratuito de un inmueble cuya propiedad es del Estado Nacional y se encuentra ubicado en Ruta Nacional N\u00b020 Km. 575, en Santa Luc\u00eda. El mismo tiene como finalidad la construcci\u00f3n de una nueva terminal central.<\/p>\n<p>El permiso subsiguiente otorga el uso precario y gratuito con compromiso de compra de otro inmueble cuya propiedad es tambi\u00e9n del Estado Nacional y est\u00e1 ubicado en calle Santa Fe (Oeste) N\u00b077, departamento Capital. El mismo se otorg\u00f3 con el objeto de ejecutar el proyecto de refuncionalizaci\u00f3n, ampliaci\u00f3n y refacci\u00f3n del Instituto Odontol\u00f3gico Dr. Cayetano Torcivia.<\/p>\n<p><iframe loading=\"lazy\" title=\"U\u00f1ac se reuni\u00f3 con Mat\u00edas Federici de la Agencia de Administraci\u00f3n de Bienes del Estado\" width=\"800\" height=\"450\" src=\"https:\/\/www.youtube.com\/embed\/M5fQNvShPIg?feature=oembed\" frameborder=\"0\" allow=\"accelerometer; autoplay; clipboard-write; encrypted-media; gyroscope; picture-in-picture; web-share\" allowfullscreen><\/iframe><\/p>\n<p>Cabe destacar que del encuentro participaron el Director Nacional de Gesti\u00f3n de Activos F\u00edsicos, Daniel Salvatore; la directora de Dise\u00f1o y Planificaci\u00f3n de Activos, Silvina Mart\u00ednez Elebi; el ministro de Servicios y Obras P\u00fablico, Ing. Julio Ortiz Andino; la ministra de Salud, Dra. Alejandra Venerando; el secretario de Vivienda y H\u00e1bitat, Robert Garc\u00e9s; y la secretaria de Gobierno, Justicia y Derechos Humanos, Dra. Nerina Eusebi.<\/p>\n<p>Tras el encuentro, Director de Asuntos Comunitarios &#8211; Agencia de Administraci\u00f3n de Bienes del Estado, Mat\u00edas Federici brind\u00f3 detalles de lo que fue el encuentro manifestando que \u201cdesde la Agencia de Administraci\u00f3n de Bienes del Estado hemos venido aqu\u00ed a firmar dos permisos precarios y dos usos gratuitos. Uno para el centro odontol\u00f3gico que va a estar en Capital y otro para la terminal que va a estar en Santa Luc\u00eda. Son dos obras muy importantes que se van a realizar y en el marco de una serie de gestiones que venimos realizando con la provincia en el marco de vivienda, transporte y Salud. Estamos muy contentos de poder estar ac\u00e1 y seguimos trabajando desde el Estado Nacional en conjunto con la provincia para llevar soluciones a los vecinos de San Juan\u201d.<\/p>\n<figure id=\"attachment_56331\" aria-describedby=\"caption-attachment-56331\" style=\"width: 800px\" class=\"wp-caption alignnone\"><img loading=\"lazy\" decoding=\"async\" class=\"size-full wp-image-56331\" src=\"https:\/\/vocesparalelas.com.ar\/sitio\/wp-content\/uploads\/2023\/02\/MATIAS-FEDERICI.jpg\" alt=\"\" width=\"800\" height=\"533\" srcset=\"https:\/\/vocesparalelas.com.ar\/sitio\/wp-content\/uploads\/2023\/02\/MATIAS-FEDERICI.jpg 800w, https:\/\/vocesparalelas.com.ar\/sitio\/wp-content\/uploads\/2023\/02\/MATIAS-FEDERICI-300x200.jpg 300w, https:\/\/vocesparalelas.com.ar\/sitio\/wp-content\/uploads\/2023\/02\/MATIAS-FEDERICI-768x512.jpg 768w\" sizes=\"auto, (max-width: 800px) 100vw, 800px\" \/><figcaption id=\"caption-attachment-56331\" class=\"wp-caption-text\">Director de Asuntos Comunitarios &#8211; Agencia de Administraci\u00f3n de Bienes del Estado, Mat\u00edas Federici<\/figcaption><\/figure>\n<p>&nbsp;<\/p>\n<p><iframe loading=\"lazy\" title=\"MATIAS FEDERICI\" width=\"800\" height=\"450\" src=\"https:\/\/www.youtube.com\/embed\/45RQqSdICr8?feature=oembed\" frameborder=\"0\" allow=\"accelerometer; autoplay; clipboard-write; encrypted-media; gyroscope; picture-in-picture; web-share\" allowfullscreen><\/iframe><\/p>\n<p class=\"participant-name bold\">Luego, el Director Nacional de Gesti\u00f3n de Activos F\u00edsicos, Carlos Daniel Salvatore\u00a0 destac\u00f3 la importancia de la firma de convenio porque esto suma el trabajo conjunto entre el Gobierno de San Juan y la Naci\u00f3n.<\/p>\n<figure id=\"attachment_56330\" aria-describedby=\"caption-attachment-56330\" style=\"width: 800px\" class=\"wp-caption alignnone\"><img loading=\"lazy\" decoding=\"async\" class=\"size-full wp-image-56330\" src=\"https:\/\/vocesparalelas.com.ar\/sitio\/wp-content\/uploads\/2023\/02\/DANIEL-SALVATORE.jpg\" alt=\"\" width=\"800\" height=\"533\" srcset=\"https:\/\/vocesparalelas.com.ar\/sitio\/wp-content\/uploads\/2023\/02\/DANIEL-SALVATORE.jpg 800w, https:\/\/vocesparalelas.com.ar\/sitio\/wp-content\/uploads\/2023\/02\/DANIEL-SALVATORE-300x200.jpg 300w, https:\/\/vocesparalelas.com.ar\/sitio\/wp-content\/uploads\/2023\/02\/DANIEL-SALVATORE-768x512.jpg 768w\" sizes=\"auto, (max-width: 800px) 100vw, 800px\" \/><figcaption id=\"caption-attachment-56330\" class=\"wp-caption-text\">Director Nacional de Gesti\u00f3n de Activos F\u00edsicos, Carlos Daniel Salvatore<\/figcaption><\/figure>\n<p>&nbsp;<\/p>\n<p><iframe loading=\"lazy\" title=\"DANIEL SANATORE\" width=\"800\" height=\"450\" src=\"https:\/\/www.youtube.com\/embed\/Q-y57CTy1Oo?feature=oembed\" frameborder=\"0\" allow=\"accelerometer; autoplay; clipboard-write; encrypted-media; gyroscope; picture-in-picture; web-share\" allowfullscreen><\/iframe><\/p>\n","protected":false},"excerpt":{"rendered":"<p>El gobernador de San Juan, Dr. Sergio U\u00f1ac\u00a0recibi\u00f3 en Casa de Gobierno al director de Asuntos Comunitarios de la Agencia<\/p>\n","protected":false},"author":3,"featured_media":56332,"comment_status":"closed","ping_status":"closed","sticky":false,"template":"","format":"video","meta":{"_acf_changed":false,"_seopress_robots_primary_cat":"none","_seopress_titles_title":"","_seopress_titles_desc":"","_seopress_robots_index":"","colormag_page_container_layout":"default_layout","colormag_page_sidebar_layout":"default_layout","footnotes":""},"categories":[1,7],"tags":[],"class_list":["post-56327","post","type-post","status-publish","format-video","has-post-thumbnail","hentry","category-destacadas","category-videos","post_format-post-format-video"],"acf":[],"_links":{"self":[{"href":"https:\/\/vocesparalelas.com.ar\/sitio\/wp-json\/wp\/v2\/posts\/56327","targetHints":{"allow":["GET"]}}],"collection":[{"href":"https:\/\/vocesparalelas.com.ar\/sitio\/wp-json\/wp\/v2\/posts"}],"about":[{"href":"https:\/\/vocesparalelas.com.ar\/sitio\/wp-json\/wp\/v2\/types\/post"}],"author":[{"embeddable":true,"href":"https:\/\/vocesparalelas.com.ar\/sitio\/wp-json\/wp\/v2\/users\/3"}],"replies":[{"embeddable":true,"href":"https:\/\/vocesparalelas.com.ar\/sitio\/wp-json\/wp\/v2\/comments?post=56327"}],"version-history":[{"count":1,"href":"https:\/\/vocesparalelas.com.ar\/sitio\/wp-json\/wp\/v2\/posts\/56327\/revisions"}],"predecessor-version":[{"id":56333,"href":"https:\/\/vocesparalelas.com.ar\/sitio\/wp-json\/wp\/v2\/posts\/56327\/revisions\/56333"}],"wp:featuredmedia":[{"embeddable":true,"href":"https:\/\/vocesparalelas.com.ar\/sitio\/wp-json\/wp\/v2\/media\/56332"}],"wp:attachment":[{"href":"https:\/\/vocesparalelas.com.ar\/sitio\/wp-json\/wp\/v2\/media?parent=56327"}],"wp:term":[{"taxonomy":"category","embeddable":true,"href":"https:\/\/vocesparalelas.com.ar\/sitio\/wp-json\/wp\/v2\/categories?post=56327"},{"taxonomy":"post_tag","embeddable":true,"href":"https:\/\/vocesparalelas.com.ar\/sitio\/wp-json\/wp\/v2\/tags?post=56327"}],"curies":[{"name":"wp","href":"https:\/\/api.w.org\/{rel}","templated":true}]}}