{"id":56323,"date":"2023-02-03T20:46:21","date_gmt":"2023-02-03T23:46:21","guid":{"rendered":"https:\/\/vocesparalelas.com.ar\/sitio\/?p=56323"},"modified":"2023-02-03T20:46:30","modified_gmt":"2023-02-03T23:46:30","slug":"concierto-en-el-parque-provincial-ischigualasto-de-san-juan","status":"publish","type":"post","link":"https:\/\/vocesparalelas.com.ar\/sitio\/concierto-en-el-parque-provincial-ischigualasto-de-san-juan\/","title":{"rendered":"Concierto en el Parque Provincial Ischigualasto de San Juan"},"content":{"rendered":"<p>Un nuevo escenario se suma en las presentaciones de la\u00a0Orquesta Escuela.\u00a0Por primera vez, la agrupaci\u00f3n de ni\u00f1os y j\u00f3venes dependiente del Ministerio de Turismo y Cultura del Gobierno de San Juan lleva un concierto al Parque Provincial Ischigualasto.<\/p>\n<p><img loading=\"lazy\" decoding=\"async\" class=\"alignnone size-large wp-image-2951\" src=\"https:\/\/vocesparalelas.com.ar\/sitio\/wp-content\/uploads\/2017\/07\/ISCHIGUALASTO-800x531.jpg\" alt=\"\" width=\"800\" height=\"531\" srcset=\"https:\/\/vocesparalelas.com.ar\/sitio\/wp-content\/uploads\/2017\/07\/ISCHIGUALASTO-800x531.jpg 800w, https:\/\/vocesparalelas.com.ar\/sitio\/wp-content\/uploads\/2017\/07\/ISCHIGUALASTO-300x199.jpg 300w, https:\/\/vocesparalelas.com.ar\/sitio\/wp-content\/uploads\/2017\/07\/ISCHIGUALASTO-768x510.jpg 768w, https:\/\/vocesparalelas.com.ar\/sitio\/wp-content\/uploads\/2017\/07\/ISCHIGUALASTO.jpg 1024w\" sizes=\"auto, (max-width: 800px) 100vw, 800px\" \/><\/p>\n<p>En esta oportunidad, ofrecer\u00e1 un mini concierto con\u00a0obras cl\u00e1sicas, m\u00fasica popular argentina y tangos\u00a0durante la excursi\u00f3n de luna llena el viernes 3 de febrero a partir de las 23 hs.<\/p>\n<p>\u201cSinfon\u00edas y Luna Llena\u201d est\u00e1 a cargo de 25 chicos de la agrupaci\u00f3n infanto- juvenil. De esta manera, bajo la direcci\u00f3n del profesor Germ\u00e1n Yanes, el repertorio hace sonar cl\u00e1sicos como Serena de de Schubert; Trepak de Tchaikowsky y Toreador de Bizet, adem\u00e1s de piezas populares como Vallecito de Buenaventura Luna y tangos como El Choclo; Milonga de mis amores y Libertango.<\/p>\n<p>Luego de \u201cSinfon\u00edas y Luna Llena\u201d,\u00a0la Orquesta Escuela tiene dos presentaciones el S\u00e1bado, 4 de Febrero, en Astica y en la Villa San Agust\u00edn. El primer concierto es en la Plaza Cornelio Saavedra a las 20 hs. y luego, el turno de la Villa San Agust\u00edn, a las 22 hs., con entrada libre y gratuita.<\/p>\n<p><iframe loading=\"lazy\" title=\"ORQUESTA ESCUELA SAN JUAN\" width=\"800\" height=\"450\" src=\"https:\/\/www.youtube.com\/embed\/t8Wayc-OUK8?feature=oembed\" frameborder=\"0\" allow=\"accelerometer; autoplay; clipboard-write; encrypted-media; gyroscope; picture-in-picture; web-share\" allowfullscreen><\/iframe><\/p>\n<p>&nbsp;<\/p>\n<p>&nbsp;<\/p>\n<p>&nbsp;<\/p>\n","protected":false},"excerpt":{"rendered":"<p>Un nuevo escenario se suma en las presentaciones de la\u00a0Orquesta Escuela.\u00a0Por primera vez, la agrupaci\u00f3n de ni\u00f1os y j\u00f3venes dependiente<\/p>\n","protected":false},"author":3,"featured_media":42245,"comment_status":"closed","ping_status":"closed","sticky":false,"template":"","format":"video","meta":{"_acf_changed":false,"_seopress_robots_primary_cat":"none","_seopress_titles_title":"","_seopress_titles_desc":"","_seopress_robots_index":"","colormag_page_container_layout":"default_layout","colormag_page_sidebar_layout":"default_layout","footnotes":""},"categories":[1,7],"tags":[],"class_list":["post-56323","post","type-post","status-publish","format-video","has-post-thumbnail","hentry","category-destacadas","category-videos","post_format-post-format-video"],"acf":[],"_links":{"self":[{"href":"https:\/\/vocesparalelas.com.ar\/sitio\/wp-json\/wp\/v2\/posts\/56323","targetHints":{"allow":["GET"]}}],"collection":[{"href":"https:\/\/vocesparalelas.com.ar\/sitio\/wp-json\/wp\/v2\/posts"}],"about":[{"href":"https:\/\/vocesparalelas.com.ar\/sitio\/wp-json\/wp\/v2\/types\/post"}],"author":[{"embeddable":true,"href":"https:\/\/vocesparalelas.com.ar\/sitio\/wp-json\/wp\/v2\/users\/3"}],"replies":[{"embeddable":true,"href":"https:\/\/vocesparalelas.com.ar\/sitio\/wp-json\/wp\/v2\/comments?post=56323"}],"version-history":[{"count":1,"href":"https:\/\/vocesparalelas.com.ar\/sitio\/wp-json\/wp\/v2\/posts\/56323\/revisions"}],"predecessor-version":[{"id":56326,"href":"https:\/\/vocesparalelas.com.ar\/sitio\/wp-json\/wp\/v2\/posts\/56323\/revisions\/56326"}],"wp:featuredmedia":[{"embeddable":true,"href":"https:\/\/vocesparalelas.com.ar\/sitio\/wp-json\/wp\/v2\/media\/42245"}],"wp:attachment":[{"href":"https:\/\/vocesparalelas.com.ar\/sitio\/wp-json\/wp\/v2\/media?parent=56323"}],"wp:term":[{"taxonomy":"category","embeddable":true,"href":"https:\/\/vocesparalelas.com.ar\/sitio\/wp-json\/wp\/v2\/categories?post=56323"},{"taxonomy":"post_tag","embeddable":true,"href":"https:\/\/vocesparalelas.com.ar\/sitio\/wp-json\/wp\/v2\/tags?post=56323"}],"curies":[{"name":"wp","href":"https:\/\/api.w.org\/{rel}","templated":true}]}}