{"id":56317,"date":"2023-02-03T19:40:31","date_gmt":"2023-02-03T22:40:31","guid":{"rendered":"https:\/\/vocesparalelas.com.ar\/sitio\/?p=56317"},"modified":"2023-02-03T19:47:31","modified_gmt":"2023-02-03T22:47:31","slug":"disfruta-la-noche-federal-san-juan-hacia-la-fns-2023","status":"publish","type":"post","link":"https:\/\/vocesparalelas.com.ar\/sitio\/disfruta-la-noche-federal-san-juan-hacia-la-fns-2023\/","title":{"rendered":"Disfruta la Noche Federal San Juan hacia la FNS 2023"},"content":{"rendered":"<p>Restan apenas unas semanas para el desarrollo de la Fiesta Nacional del Sol 2023, del 21 al 25 de Febrero en el Complejo Ferial del Departamento de Chimbas.<\/p>\n<p>En este contexto, cada vez m\u00e1s detalles se dan a conocer y la tradicional Noche Federal, un evento por excelencia para estas formalidades. Se realiza en el Paseo de las Palmeras,\u00a0 en el interior del Parque de Mayo, en Capital, el Domingo, 5 de Febrero, desde las 20 hs.<\/p>\n<p>En este espacio, se presentan los diecinueve representantes del programa Forjar Caminos con sus proyectos. A finales del 2022, mujeres de toda la provincia de San Juan, se reunieron para presentar sus respectivos proyectos y durante todo Enero fueron evaluadas por un jurado especializado.<\/p>\n<p>Forjar Caminos busca visibilizar a gestoras que trabajan en proyectos territoriales, conscientes de las necesidades de su entorno, con sus aportes a trav\u00e9s de acciones colectivas. De esta manera, apuesta a la evoluci\u00f3n en la mirada de la mujer ofreciendo una herramienta de crecimiento y fortalecimiento.<\/p>\n<p>Adem\u00e1s, se dan a conocer el proceso de creaci\u00f3n del programa Identidades donde cada departamento creo su canci\u00f3n y coreograf\u00eda representativa.<\/p>\n<p>Tambi\u00e9n, cada municipio presenta formalmente su respectiva maqueta alusiva al carruaje que plasman, en escala real, la noche del Viernes, 24 de Febrero en uno de los laterales del Costanera Complejo Ferial.<\/p>\n<p>Por \u00faltimo, un tr\u00e1iler de la FNS 2023 recorre las fiestas de los 19 departamentos de la provincia para promocionar el evento mayor de los habitantes de San Juan. Es importante destacar que, quienes se acerquen al tr\u00e1iler y dejen sus datos personales, est\u00e1n participando por el sorteo de una moto 0km que es anunciado en una de las jornadas del Fiesta Nacional del Sol 2023.<\/p>\n","protected":false},"excerpt":{"rendered":"<p>Restan apenas unas semanas para el desarrollo de la Fiesta Nacional del Sol 2023, del 21 al 25 de Febrero<\/p>\n","protected":false},"author":3,"featured_media":18640,"comment_status":"closed","ping_status":"closed","sticky":false,"template":"","format":"standard","meta":{"_acf_changed":false,"_seopress_robots_primary_cat":"none","_seopress_titles_title":"","_seopress_titles_desc":"","_seopress_robots_index":"","colormag_page_container_layout":"default_layout","colormag_page_sidebar_layout":"default_layout","footnotes":""},"categories":[1],"tags":[],"class_list":["post-56317","post","type-post","status-publish","format-standard","has-post-thumbnail","hentry","category-destacadas"],"acf":[],"_links":{"self":[{"href":"https:\/\/vocesparalelas.com.ar\/sitio\/wp-json\/wp\/v2\/posts\/56317","targetHints":{"allow":["GET"]}}],"collection":[{"href":"https:\/\/vocesparalelas.com.ar\/sitio\/wp-json\/wp\/v2\/posts"}],"about":[{"href":"https:\/\/vocesparalelas.com.ar\/sitio\/wp-json\/wp\/v2\/types\/post"}],"author":[{"embeddable":true,"href":"https:\/\/vocesparalelas.com.ar\/sitio\/wp-json\/wp\/v2\/users\/3"}],"replies":[{"embeddable":true,"href":"https:\/\/vocesparalelas.com.ar\/sitio\/wp-json\/wp\/v2\/comments?post=56317"}],"version-history":[{"count":3,"href":"https:\/\/vocesparalelas.com.ar\/sitio\/wp-json\/wp\/v2\/posts\/56317\/revisions"}],"predecessor-version":[{"id":56322,"href":"https:\/\/vocesparalelas.com.ar\/sitio\/wp-json\/wp\/v2\/posts\/56317\/revisions\/56322"}],"wp:featuredmedia":[{"embeddable":true,"href":"https:\/\/vocesparalelas.com.ar\/sitio\/wp-json\/wp\/v2\/media\/18640"}],"wp:attachment":[{"href":"https:\/\/vocesparalelas.com.ar\/sitio\/wp-json\/wp\/v2\/media?parent=56317"}],"wp:term":[{"taxonomy":"category","embeddable":true,"href":"https:\/\/vocesparalelas.com.ar\/sitio\/wp-json\/wp\/v2\/categories?post=56317"},{"taxonomy":"post_tag","embeddable":true,"href":"https:\/\/vocesparalelas.com.ar\/sitio\/wp-json\/wp\/v2\/tags?post=56317"}],"curies":[{"name":"wp","href":"https:\/\/api.w.org\/{rel}","templated":true}]}}