{"id":56308,"date":"2023-02-02T23:52:44","date_gmt":"2023-02-03T02:52:44","guid":{"rendered":"https:\/\/vocesparalelas.com.ar\/sitio\/?p=56308"},"modified":"2023-02-03T00:36:23","modified_gmt":"2023-02-03T03:36:23","slug":"medalla-bicentenaria-por-la-integracion-de-los-dos-pueblos","status":"publish","type":"post","link":"https:\/\/vocesparalelas.com.ar\/sitio\/medalla-bicentenaria-por-la-integracion-de-los-dos-pueblos\/","title":{"rendered":"Medalla Bicentenaria por la integraci\u00f3n de los dos pueblos"},"content":{"rendered":"<p>El gobernador de San Juan, Dr. Sergio U\u00f1ac\u00a0recibi\u00f3 en Casa de Gobierno al alcalde de Vicu\u00f1a y presidente de la Asociaci\u00f3n de Municipios de la Regi\u00f3n de Coquimbo de la Rep\u00fablica de Chile, Rafael Vera Castillo.<\/p>\n<p>Durante el encuentro, Castillo hizo entrega de la Medalla Bicentenaria a\u00a0U\u00f1ac\u00a0por el incansable trabajo realizado en pos de la integraci\u00f3n de la provincia de San Juan y la comuna de Vicu\u00f1a.<\/p>\n<p><iframe loading=\"lazy\" title=\"El Gobernador recibi\u00f3 al alcalde de la comuna de Vicu\u00f1a, Rafael Vera Castillo\" width=\"800\" height=\"450\" src=\"https:\/\/www.youtube.com\/embed\/ztUCYmjAHMg?feature=oembed\" frameborder=\"0\" allow=\"accelerometer; autoplay; clipboard-write; encrypted-media; gyroscope; picture-in-picture; web-share\" allowfullscreen><\/iframe><\/p>\n<p>Tras la reuni\u00f3n, el alcalde trasandino destac\u00f3 que \u201cla Medalla Bicentenaria se entrega a autoridades p\u00fablicas destacadas. En esta oportunidad hemos decidido d\u00e1rsela al gobernador Dr. Sergio U\u00f1ac por su incansable trabajo por la integraci\u00f3n de los dos pueblos y por esa generosidad que tiene de abrir las puertas de San Juan para que las buenas pr\u00e1cticas que se realizan ac\u00e1 se puedan replicar en la regi\u00f3n de Coquimbo\u201d.<\/p>\n<p>Adem\u00e1s, a\u00f1adi\u00f3 que su visita a la provincia tiene como objetivo \u201cpoder ver las buenas pr\u00e1cticas que se realizan en la provincia de San Juan. Hemos quedado maravillados despu\u00e9s de visitar municipios y el Centro Ambiental Anchipurac, donde el avance es important\u00edsimo\u201d.<\/p>\n","protected":false},"excerpt":{"rendered":"<p>El gobernador de San Juan, Dr. Sergio U\u00f1ac\u00a0recibi\u00f3 en Casa de Gobierno al alcalde de Vicu\u00f1a y presidente de la<\/p>\n","protected":false},"author":3,"featured_media":56311,"comment_status":"closed","ping_status":"closed","sticky":false,"template":"","format":"video","meta":{"_acf_changed":false,"_seopress_robots_primary_cat":"none","_seopress_titles_title":"","_seopress_titles_desc":"","_seopress_robots_index":"","colormag_page_container_layout":"default_layout","colormag_page_sidebar_layout":"default_layout","footnotes":""},"categories":[1,7],"tags":[],"class_list":["post-56308","post","type-post","status-publish","format-video","has-post-thumbnail","hentry","category-destacadas","category-videos","post_format-post-format-video"],"acf":[],"_links":{"self":[{"href":"https:\/\/vocesparalelas.com.ar\/sitio\/wp-json\/wp\/v2\/posts\/56308","targetHints":{"allow":["GET"]}}],"collection":[{"href":"https:\/\/vocesparalelas.com.ar\/sitio\/wp-json\/wp\/v2\/posts"}],"about":[{"href":"https:\/\/vocesparalelas.com.ar\/sitio\/wp-json\/wp\/v2\/types\/post"}],"author":[{"embeddable":true,"href":"https:\/\/vocesparalelas.com.ar\/sitio\/wp-json\/wp\/v2\/users\/3"}],"replies":[{"embeddable":true,"href":"https:\/\/vocesparalelas.com.ar\/sitio\/wp-json\/wp\/v2\/comments?post=56308"}],"version-history":[{"count":1,"href":"https:\/\/vocesparalelas.com.ar\/sitio\/wp-json\/wp\/v2\/posts\/56308\/revisions"}],"predecessor-version":[{"id":56312,"href":"https:\/\/vocesparalelas.com.ar\/sitio\/wp-json\/wp\/v2\/posts\/56308\/revisions\/56312"}],"wp:featuredmedia":[{"embeddable":true,"href":"https:\/\/vocesparalelas.com.ar\/sitio\/wp-json\/wp\/v2\/media\/56311"}],"wp:attachment":[{"href":"https:\/\/vocesparalelas.com.ar\/sitio\/wp-json\/wp\/v2\/media?parent=56308"}],"wp:term":[{"taxonomy":"category","embeddable":true,"href":"https:\/\/vocesparalelas.com.ar\/sitio\/wp-json\/wp\/v2\/categories?post=56308"},{"taxonomy":"post_tag","embeddable":true,"href":"https:\/\/vocesparalelas.com.ar\/sitio\/wp-json\/wp\/v2\/tags?post=56308"}],"curies":[{"name":"wp","href":"https:\/\/api.w.org\/{rel}","templated":true}]}}