{"id":56304,"date":"2023-02-02T21:37:11","date_gmt":"2023-02-03T00:37:11","guid":{"rendered":"https:\/\/vocesparalelas.com.ar\/sitio\/?p=56304"},"modified":"2023-02-07T01:04:29","modified_gmt":"2023-02-07T04:04:29","slug":"inscripciones-a-los-talleres-de-tecnicas-de-estudio-y-reorientacion-vocacional-de-la-unsj","status":"publish","type":"post","link":"https:\/\/vocesparalelas.com.ar\/sitio\/inscripciones-a-los-talleres-de-tecnicas-de-estudio-y-reorientacion-vocacional-de-la-unsj\/","title":{"rendered":"Inscripciones a los talleres de T\u00e9cnicas de estudio y Reorientaci\u00f3n Vocacional de la UNSJ"},"content":{"rendered":"<p>La Direcci\u00f3n de Psicolog\u00eda y Psicopedagog\u00eda dependiente de Secretar\u00eda Acad\u00e9mica del Rectorado de la Universidad Nacional de San Juan, informa que a partir del 6 de Febrero de 2023 se encuentran abiertas las inscripciones a los talleres de T\u00e9cnicas de estudio y Reorientaci\u00f3n Vocacional, dirigidos a los estudiantes que cursan las distintas carreras de la UNSJ.<\/p>\n<p>Los interesados pueden inscribirse en la Direcci\u00f3n de Psicolog\u00eda y Psicopedagog\u00eda que funciona en la Facultad de Ingenier\u00eda de la UNSJ, Av. Libertador 1109 &#8211; O &#8211; Capital.<\/p>\n<p><strong><span style=\"color: #339966;\">M\u00e1s informaci\u00f3n en<\/span><\/strong><\/p>\n<p><a href=\"https:\/\/feriaeducativa.unsj.edu.ar\/orientacion-y-tutorias-la-nacional\/\">https:\/\/feriaeducativa.unsj.edu.ar\/orientacion-y-tutorias-la-nacional\/<\/a><\/p>\n<p><img loading=\"lazy\" decoding=\"async\" class=\"alignnone size-full wp-image-53945\" src=\"https:\/\/vocesparalelas.com.ar\/sitio\/wp-content\/uploads\/2022\/10\/UNSJ-LOGO-50-FINAL.jpg\" alt=\"\" width=\"800\" height=\"476\" srcset=\"https:\/\/vocesparalelas.com.ar\/sitio\/wp-content\/uploads\/2022\/10\/UNSJ-LOGO-50-FINAL.jpg 800w, https:\/\/vocesparalelas.com.ar\/sitio\/wp-content\/uploads\/2022\/10\/UNSJ-LOGO-50-FINAL-300x179.jpg 300w, https:\/\/vocesparalelas.com.ar\/sitio\/wp-content\/uploads\/2022\/10\/UNSJ-LOGO-50-FINAL-768x457.jpg 768w\" sizes=\"auto, (max-width: 800px) 100vw, 800px\" \/> <img loading=\"lazy\" decoding=\"async\" class=\"alignnone size-full wp-image-37900\" src=\"https:\/\/vocesparalelas.com.ar\/sitio\/wp-content\/uploads\/2021\/05\/UNSJ-LOGOTIPO-01.jpg\" alt=\"\" width=\"800\" height=\"533\" srcset=\"https:\/\/vocesparalelas.com.ar\/sitio\/wp-content\/uploads\/2021\/05\/UNSJ-LOGOTIPO-01.jpg 800w, https:\/\/vocesparalelas.com.ar\/sitio\/wp-content\/uploads\/2021\/05\/UNSJ-LOGOTIPO-01-300x200.jpg 300w, https:\/\/vocesparalelas.com.ar\/sitio\/wp-content\/uploads\/2021\/05\/UNSJ-LOGOTIPO-01-768x512.jpg 768w\" sizes=\"auto, (max-width: 800px) 100vw, 800px\" \/><\/p>\n","protected":false},"excerpt":{"rendered":"<p>La Direcci\u00f3n de Psicolog\u00eda y Psicopedagog\u00eda dependiente de Secretar\u00eda Acad\u00e9mica del Rectorado de la Universidad Nacional de San Juan, informa<\/p>\n","protected":false},"author":3,"featured_media":54035,"comment_status":"closed","ping_status":"closed","sticky":false,"template":"","format":"standard","meta":{"_acf_changed":false,"_seopress_robots_primary_cat":"none","_seopress_titles_title":"","_seopress_titles_desc":"","_seopress_robots_index":"","colormag_page_container_layout":"default_layout","colormag_page_sidebar_layout":"default_layout","footnotes":""},"categories":[9],"tags":[],"class_list":["post-56304","post","type-post","status-publish","format-standard","has-post-thumbnail","hentry","category-cursos"],"acf":[],"_links":{"self":[{"href":"https:\/\/vocesparalelas.com.ar\/sitio\/wp-json\/wp\/v2\/posts\/56304","targetHints":{"allow":["GET"]}}],"collection":[{"href":"https:\/\/vocesparalelas.com.ar\/sitio\/wp-json\/wp\/v2\/posts"}],"about":[{"href":"https:\/\/vocesparalelas.com.ar\/sitio\/wp-json\/wp\/v2\/types\/post"}],"author":[{"embeddable":true,"href":"https:\/\/vocesparalelas.com.ar\/sitio\/wp-json\/wp\/v2\/users\/3"}],"replies":[{"embeddable":true,"href":"https:\/\/vocesparalelas.com.ar\/sitio\/wp-json\/wp\/v2\/comments?post=56304"}],"version-history":[{"count":1,"href":"https:\/\/vocesparalelas.com.ar\/sitio\/wp-json\/wp\/v2\/posts\/56304\/revisions"}],"predecessor-version":[{"id":56307,"href":"https:\/\/vocesparalelas.com.ar\/sitio\/wp-json\/wp\/v2\/posts\/56304\/revisions\/56307"}],"wp:featuredmedia":[{"embeddable":true,"href":"https:\/\/vocesparalelas.com.ar\/sitio\/wp-json\/wp\/v2\/media\/54035"}],"wp:attachment":[{"href":"https:\/\/vocesparalelas.com.ar\/sitio\/wp-json\/wp\/v2\/media?parent=56304"}],"wp:term":[{"taxonomy":"category","embeddable":true,"href":"https:\/\/vocesparalelas.com.ar\/sitio\/wp-json\/wp\/v2\/categories?post=56304"},{"taxonomy":"post_tag","embeddable":true,"href":"https:\/\/vocesparalelas.com.ar\/sitio\/wp-json\/wp\/v2\/tags?post=56304"}],"curies":[{"name":"wp","href":"https:\/\/api.w.org\/{rel}","templated":true}]}}