{"id":56299,"date":"2023-02-02T20:54:17","date_gmt":"2023-02-02T23:54:17","guid":{"rendered":"https:\/\/vocesparalelas.com.ar\/sitio\/?p=56299"},"modified":"2023-02-07T01:05:08","modified_gmt":"2023-02-07T04:05:08","slug":"se-inicio-el-curso-de-ingreso-2023-de-la-faud-de-la-unsj","status":"publish","type":"post","link":"https:\/\/vocesparalelas.com.ar\/sitio\/se-inicio-el-curso-de-ingreso-2023-de-la-faud-de-la-unsj\/","title":{"rendered":"Se inici\u00f3 el Curso de Ingreso 2023 de la FAUD de la UNSJ"},"content":{"rendered":"<p>El Mi\u00e9rcoles, 1 de Febrero de 2023 m\u00e1s de 500 ingresantes comenzaron el Curso de Ingreso 2023 para las carreras de Arquitectura, Dise\u00f1o Gr\u00e1fico y Dise\u00f1o Industrial de la Facultad de Arquitectura, Urbanismo y Dise\u00f1o de la Universidad Nacional de San Juan.<\/p>\n<p>Hasta el 3 de Marzo, de Lunes a Viernes, de 8 a 13 hs.;\u00a0 los ingresantes nivelan los conocimientos y\/o habilidades en funci\u00f3n de los requerimientos b\u00e1sicos de cada carrera.<\/p>\n<p>Las autoridades de la FAUD de la UNSJ les dieron la bienvenida en el Comedor del CUIM. El decano, Arq. Guillermo Velasco, resalt\u00f3 la interacci\u00f3n que se da en la FAUD entre estudiantes y docentes. \u201cNo es com\u00fan en otras carreras que se d\u00e9 un intercambio tan fruct\u00edfero entre los estudiantes y los docentes\u201d.<\/p>\n<p>Por su parte, la Secretaria Acad\u00e9mica; el Coordinador de Asuntos Estudiantiles; las jefas y subjefas de los departamentos de Arquitectura y Urbanismo y Dise\u00f1o; e integrantes del Gabinete de Computaci\u00f3n Aplicada, introdujeron aspectos b\u00e1sicos de cada una de sus \u00e1reas.<\/p>\n<p><strong><span style=\"color: #339966;\">Para m\u00e1s informaci\u00f3n sobre el ingreso<\/span><\/strong><\/p>\n<p><a href=\"https:\/\/ingreso.faud.unsj.edu.ar\/\">https:\/\/ingreso.faud.unsj.edu.ar\/<\/a><\/p>\n<p>&nbsp;<\/p>\n<p><img loading=\"lazy\" decoding=\"async\" class=\"alignnone size-large wp-image-24036\" src=\"https:\/\/vocesparalelas.com.ar\/sitio\/wp-content\/uploads\/2019\/10\/FAUD-EDIFICIO-BANDERA-01-800x528.jpg\" alt=\"\" width=\"800\" height=\"528\" srcset=\"https:\/\/vocesparalelas.com.ar\/sitio\/wp-content\/uploads\/2019\/10\/FAUD-EDIFICIO-BANDERA-01.jpg 800w, https:\/\/vocesparalelas.com.ar\/sitio\/wp-content\/uploads\/2019\/10\/FAUD-EDIFICIO-BANDERA-01-300x198.jpg 300w, https:\/\/vocesparalelas.com.ar\/sitio\/wp-content\/uploads\/2019\/10\/FAUD-EDIFICIO-BANDERA-01-768x507.jpg 768w\" sizes=\"auto, (max-width: 800px) 100vw, 800px\" \/><\/p>\n","protected":false},"excerpt":{"rendered":"<p>El Mi\u00e9rcoles, 1 de Febrero de 2023 m\u00e1s de 500 ingresantes comenzaron el Curso de Ingreso 2023 para las carreras<\/p>\n","protected":false},"author":3,"featured_media":56302,"comment_status":"closed","ping_status":"closed","sticky":false,"template":"","format":"standard","meta":{"_acf_changed":false,"_seopress_robots_primary_cat":"none","_seopress_titles_title":"","_seopress_titles_desc":"","_seopress_robots_index":"","colormag_page_container_layout":"default_layout","colormag_page_sidebar_layout":"default_layout","footnotes":""},"categories":[9],"tags":[],"class_list":["post-56299","post","type-post","status-publish","format-standard","has-post-thumbnail","hentry","category-cursos"],"acf":[],"_links":{"self":[{"href":"https:\/\/vocesparalelas.com.ar\/sitio\/wp-json\/wp\/v2\/posts\/56299","targetHints":{"allow":["GET"]}}],"collection":[{"href":"https:\/\/vocesparalelas.com.ar\/sitio\/wp-json\/wp\/v2\/posts"}],"about":[{"href":"https:\/\/vocesparalelas.com.ar\/sitio\/wp-json\/wp\/v2\/types\/post"}],"author":[{"embeddable":true,"href":"https:\/\/vocesparalelas.com.ar\/sitio\/wp-json\/wp\/v2\/users\/3"}],"replies":[{"embeddable":true,"href":"https:\/\/vocesparalelas.com.ar\/sitio\/wp-json\/wp\/v2\/comments?post=56299"}],"version-history":[{"count":1,"href":"https:\/\/vocesparalelas.com.ar\/sitio\/wp-json\/wp\/v2\/posts\/56299\/revisions"}],"predecessor-version":[{"id":56303,"href":"https:\/\/vocesparalelas.com.ar\/sitio\/wp-json\/wp\/v2\/posts\/56299\/revisions\/56303"}],"wp:featuredmedia":[{"embeddable":true,"href":"https:\/\/vocesparalelas.com.ar\/sitio\/wp-json\/wp\/v2\/media\/56302"}],"wp:attachment":[{"href":"https:\/\/vocesparalelas.com.ar\/sitio\/wp-json\/wp\/v2\/media?parent=56299"}],"wp:term":[{"taxonomy":"category","embeddable":true,"href":"https:\/\/vocesparalelas.com.ar\/sitio\/wp-json\/wp\/v2\/categories?post=56299"},{"taxonomy":"post_tag","embeddable":true,"href":"https:\/\/vocesparalelas.com.ar\/sitio\/wp-json\/wp\/v2\/tags?post=56299"}],"curies":[{"name":"wp","href":"https:\/\/api.w.org\/{rel}","templated":true}]}}