{"id":56295,"date":"2023-02-02T13:18:02","date_gmt":"2023-02-02T16:18:02","guid":{"rendered":"https:\/\/vocesparalelas.com.ar\/sitio\/?p=56295"},"modified":"2023-02-05T09:52:06","modified_gmt":"2023-02-05T12:52:06","slug":"capacitacion-para-el-uso-correcto-y-seguro-de-amoladoras-en-san-juan","status":"publish","type":"post","link":"https:\/\/vocesparalelas.com.ar\/sitio\/capacitacion-para-el-uso-correcto-y-seguro-de-amoladoras-en-san-juan\/","title":{"rendered":"Capacitaci\u00f3n para el uso correcto y seguro de amoladoras en San Juan"},"content":{"rendered":"<p>El Ministerio de Producci\u00f3n y Desarrollo Econ\u00f3mico del Gobierno de San Juan, a trav\u00e9s de la Secretar\u00eda de Industria, Comercio y Servicios y la Direcci\u00f3n de Empleo y Formaci\u00f3n en conjunto con la Municipalidad de Capital y la empresa Stanley-Black &amp; Decker brindan una capacitaci\u00f3n para el uso correcto y seguro de amoladoras.<\/p>\n<p>El encuentro\u00a0es gratuito\u00a0y tendr\u00e1 lugar el 9 de febrero a las 16 horas en la Uni\u00f3n Vecinal de Villa Am\u00e9rica, ubicada en Avenida Argentina 644 Norte, Capital.<\/p>\n<p>Los interesados podr\u00e1n inscribirse a trav\u00e9s del siguiente link:\u00a0<a href=\"http:\/\/bit.ly\/40bLFE3\">http:\/\/bit.ly\/40bLFE3<\/a><\/p>\n<p><span style=\"color: #339966;\"><strong>Temario<\/strong><\/span><\/p>\n<ul>\n<li>Sistema de riesgos del trabajo.<\/li>\n<li>Tipos y uso de amoladoras.<\/li>\n<li>Inspecciones previas al uso.<\/li>\n<li>Correcta selecci\u00f3n de herramientas y accesorios para diferentes usos.<\/li>\n<li>Aspectos el\u00e9ctricos y mec\u00e1nicos de amoladoras angulares.<\/li>\n<li>Precauciones generales en el \u00e1rea de trabajo.<\/li>\n<li>Lugar de trabajo.<\/li>\n<li>Condiciones del lugar de trabajo.<\/li>\n<li>Revisi\u00f3n de herramientas y mantenimiento.<\/li>\n<li>Nomenclatura de discos abrasivos.<\/li>\n<li>Sistema de seguridad en amoladoras angulares.<\/li>\n<li>Preparaci\u00f3n de la amoladora.<\/li>\n<li>Tipos de discos y sus cuidados.<\/li>\n<li>Elementos de seguridad.<\/li>\n<li>Condiciones de almacenamiento de discos abrasivos.<\/li>\n<li>Consecuencias del uso inadecuado de herramientas y accesorios.<\/li>\n<\/ul>\n","protected":false},"excerpt":{"rendered":"<p>El Ministerio de Producci\u00f3n y Desarrollo Econ\u00f3mico del Gobierno de San Juan, a trav\u00e9s de la Secretar\u00eda de Industria, Comercio<\/p>\n","protected":false},"author":3,"featured_media":19234,"comment_status":"closed","ping_status":"closed","sticky":false,"template":"","format":"standard","meta":{"_acf_changed":false,"_seopress_robots_primary_cat":"none","_seopress_titles_title":"","_seopress_titles_desc":"","_seopress_robots_index":"","colormag_page_container_layout":"default_layout","colormag_page_sidebar_layout":"default_layout","footnotes":""},"categories":[9],"tags":[],"class_list":["post-56295","post","type-post","status-publish","format-standard","has-post-thumbnail","hentry","category-cursos"],"acf":[],"_links":{"self":[{"href":"https:\/\/vocesparalelas.com.ar\/sitio\/wp-json\/wp\/v2\/posts\/56295","targetHints":{"allow":["GET"]}}],"collection":[{"href":"https:\/\/vocesparalelas.com.ar\/sitio\/wp-json\/wp\/v2\/posts"}],"about":[{"href":"https:\/\/vocesparalelas.com.ar\/sitio\/wp-json\/wp\/v2\/types\/post"}],"author":[{"embeddable":true,"href":"https:\/\/vocesparalelas.com.ar\/sitio\/wp-json\/wp\/v2\/users\/3"}],"replies":[{"embeddable":true,"href":"https:\/\/vocesparalelas.com.ar\/sitio\/wp-json\/wp\/v2\/comments?post=56295"}],"version-history":[{"count":1,"href":"https:\/\/vocesparalelas.com.ar\/sitio\/wp-json\/wp\/v2\/posts\/56295\/revisions"}],"predecessor-version":[{"id":56298,"href":"https:\/\/vocesparalelas.com.ar\/sitio\/wp-json\/wp\/v2\/posts\/56295\/revisions\/56298"}],"wp:featuredmedia":[{"embeddable":true,"href":"https:\/\/vocesparalelas.com.ar\/sitio\/wp-json\/wp\/v2\/media\/19234"}],"wp:attachment":[{"href":"https:\/\/vocesparalelas.com.ar\/sitio\/wp-json\/wp\/v2\/media?parent=56295"}],"wp:term":[{"taxonomy":"category","embeddable":true,"href":"https:\/\/vocesparalelas.com.ar\/sitio\/wp-json\/wp\/v2\/categories?post=56295"},{"taxonomy":"post_tag","embeddable":true,"href":"https:\/\/vocesparalelas.com.ar\/sitio\/wp-json\/wp\/v2\/tags?post=56295"}],"curies":[{"name":"wp","href":"https:\/\/api.w.org\/{rel}","templated":true}]}}