{"id":56285,"date":"2023-02-02T12:28:33","date_gmt":"2023-02-02T15:28:33","guid":{"rendered":"https:\/\/vocesparalelas.com.ar\/sitio\/?p=56285"},"modified":"2023-02-02T12:33:57","modified_gmt":"2023-02-02T15:33:57","slug":"sumate-a-la-vuelta-libres-y-master-san-juan-2023","status":"publish","type":"post","link":"https:\/\/vocesparalelas.com.ar\/sitio\/sumate-a-la-vuelta-libres-y-master-san-juan-2023\/","title":{"rendered":"Sumate a la \u00abVuelta Libres y Master San Juan 2023\u00bb"},"content":{"rendered":"<p>El gobernador de San Juan, Dr. Sergio U\u00f1ac, presidi\u00f3 la presentaci\u00f3n de la Vuelta Libres y Master San Juan 2023, en un acto que se desarroll\u00f3 en las instalaciones del Estadio Aldo Cantoni.<\/p>\n<p>Estuvieron presentes adem\u00e1s el ministro de Desarrollo Humano, Prof. Fabian Aballay; el secretario de Deportes, Jorge Chica; el intendente de Angaco, Carlos Maza Peze; el defensor del Pueblo y presidente de Rawson Nuevo, entidad que participa en la organizaci\u00f3n, Dr. Pablo Garc\u00eda Nieto; el presidente de la Federaci\u00f3n Ciclista Sanjuanina, Juan Jos\u00e9 Chica; el titular ente organizador, la Agrupaci\u00f3n Provincial de Ciclismo, Julio Carri\u00f3n; dem\u00e1s funcionarios y ciclistas.<\/p>\n<p>U\u00f1ac se refiri\u00f3 a la importante convocatoria de la prueba cicl\u00edstica, detall\u00f3 que habr\u00e1 competidores de m\u00e1s de 21 provincias y pa\u00edses lim\u00edtrofes, y destac\u00f3 la organizaci\u00f3n de la competencia.<\/p>\n<p>El mandatario se explay\u00f3 seguidamente sobre la fuerte apuesta de la provincia por el desarrollo del deporte en la provincia a trav\u00e9s de la Secretar\u00eda de Deportes que \u00abempezamos a so\u00f1ar c\u00f3mo hacer que la planificaci\u00f3n deportiva llegara a todos los rincones de la provincia. Para alcanzar este objetivo nos reunimos con deportistas y dirigentes deportivos de todas las disciplinas que se desarrollan en San Juan\u00bb.<\/p>\n<p>En ese marco se refiri\u00f3 a la creaci\u00f3n de infraestructura adecuada y la organizaci\u00f3n de eventos deportivos de primer nivel, como el vel\u00f3dromo que ser\u00e1 inaugurado pr\u00f3ximamente para el Panamericano de Pista 2023.<\/p>\n<p>El secretario Jorge Chica se refiri\u00f3 a continuaci\u00f3n a la concepci\u00f3n del deporte como pol\u00edtica de Estado por parte de la Provincia y se\u00f1al\u00f3 que San Juan \u00abes la \u00fanica que cuenta con una agenda ininterrumpida de ciclismo de ruta y pista\u00bb.<\/p>\n<p>Adem\u00e1s, puso de relieve el trabajo conjunto de dirigentes deportivos y funcionarios para conformar \u00abesta Revoluci\u00f3n Deportiva que pone la pr\u00e1ctica deportiva al alcance de todos los sanjuaninos. El deporte nos une, nos da valores, pero tambi\u00e9n se ha convertido en una actividad econ\u00f3mica a trav\u00e9s del turismo que llega para presenciar eventos deportivos de magnitud\u00bb.<\/p>\n<p>A su turno, el Dr. Garc\u00eda Nieto detall\u00f3 que en la competencia, organizada por la Agrupaci\u00f3n Provincial de Ciclismo, participar\u00e1n glorias de la disciplina y aquellos que la practican de manera amateur.<\/p>\n<p>Por su parte, Juan Jos\u00e9 Chica, valor\u00f3 la pasi\u00f3n del ciclismo en la provincia y a\u00f1adi\u00f3 que su pr\u00e1ctica trae beneficios no solo a nivel salud si no tambi\u00e9n social, ya que aporta entretenimiento y alegr\u00eda.<\/p>\n<p>A su vez, Carri\u00f3n destac\u00f3 la participaci\u00f3n femenina que tendr\u00e1 la 18\u00ba edici\u00f3n de la Vuelta M\u00e1ster, que a lo largo de sus cuatro etapas contar\u00e1 con un clima familiar y la presencia de competidores de todo el pa\u00eds.<\/p>\n<p><iframe loading=\"lazy\" title=\"Presentaci\u00f3n 18\u00b0 Vuelta a San Juan Libres y Master 2023\" width=\"800\" height=\"450\" src=\"https:\/\/www.youtube.com\/embed\/lGIMKOwN97A?feature=oembed\" frameborder=\"0\" allow=\"accelerometer; autoplay; clipboard-write; encrypted-media; gyroscope; picture-in-picture; web-share\" allowfullscreen><\/iframe><\/p>\n<p>&nbsp;<\/p>\n<p>&nbsp;<\/p>\n<p>&nbsp;<\/p>\n","protected":false},"excerpt":{"rendered":"<p>El gobernador de San Juan, Dr. Sergio U\u00f1ac, presidi\u00f3 la presentaci\u00f3n de la Vuelta Libres y Master San Juan 2023,<\/p>\n","protected":false},"author":3,"featured_media":56288,"comment_status":"closed","ping_status":"closed","sticky":false,"template":"","format":"video","meta":{"_acf_changed":false,"_seopress_robots_primary_cat":"none","_seopress_titles_title":"","_seopress_titles_desc":"","_seopress_robots_index":"","colormag_page_container_layout":"default_layout","colormag_page_sidebar_layout":"default_layout","footnotes":""},"categories":[1,7],"tags":[],"class_list":["post-56285","post","type-post","status-publish","format-video","has-post-thumbnail","hentry","category-destacadas","category-videos","post_format-post-format-video"],"acf":[],"_links":{"self":[{"href":"https:\/\/vocesparalelas.com.ar\/sitio\/wp-json\/wp\/v2\/posts\/56285","targetHints":{"allow":["GET"]}}],"collection":[{"href":"https:\/\/vocesparalelas.com.ar\/sitio\/wp-json\/wp\/v2\/posts"}],"about":[{"href":"https:\/\/vocesparalelas.com.ar\/sitio\/wp-json\/wp\/v2\/types\/post"}],"author":[{"embeddable":true,"href":"https:\/\/vocesparalelas.com.ar\/sitio\/wp-json\/wp\/v2\/users\/3"}],"replies":[{"embeddable":true,"href":"https:\/\/vocesparalelas.com.ar\/sitio\/wp-json\/wp\/v2\/comments?post=56285"}],"version-history":[{"count":1,"href":"https:\/\/vocesparalelas.com.ar\/sitio\/wp-json\/wp\/v2\/posts\/56285\/revisions"}],"predecessor-version":[{"id":56289,"href":"https:\/\/vocesparalelas.com.ar\/sitio\/wp-json\/wp\/v2\/posts\/56285\/revisions\/56289"}],"wp:featuredmedia":[{"embeddable":true,"href":"https:\/\/vocesparalelas.com.ar\/sitio\/wp-json\/wp\/v2\/media\/56288"}],"wp:attachment":[{"href":"https:\/\/vocesparalelas.com.ar\/sitio\/wp-json\/wp\/v2\/media?parent=56285"}],"wp:term":[{"taxonomy":"category","embeddable":true,"href":"https:\/\/vocesparalelas.com.ar\/sitio\/wp-json\/wp\/v2\/categories?post=56285"},{"taxonomy":"post_tag","embeddable":true,"href":"https:\/\/vocesparalelas.com.ar\/sitio\/wp-json\/wp\/v2\/tags?post=56285"}],"curies":[{"name":"wp","href":"https:\/\/api.w.org\/{rel}","templated":true}]}}