{"id":56281,"date":"2023-02-02T12:18:49","date_gmt":"2023-02-02T15:18:49","guid":{"rendered":"https:\/\/vocesparalelas.com.ar\/sitio\/?p=56281"},"modified":"2023-02-05T09:45:29","modified_gmt":"2023-02-05T12:45:29","slug":"ofrecimiento-de-cargos-vacantes-para-el-ciclo-lectivo-2023-de-la-junta-rama-primaria-de-san-juan","status":"publish","type":"post","link":"https:\/\/vocesparalelas.com.ar\/sitio\/ofrecimiento-de-cargos-vacantes-para-el-ciclo-lectivo-2023-de-la-junta-rama-primaria-de-san-juan\/","title":{"rendered":"Ofrecimiento de cargos vacantes para el Ciclo Lectivo 2023 de la Junta Rama Primaria de San Juan"},"content":{"rendered":"<p>La Junta de Clasificaci\u00f3n Docente Rama Primaria del Ministerio de Educaci\u00f3n del Gobierno de San Juan, cita a los docentes que se encuentran en disponibilidad, como as\u00ed tambi\u00e9n a aquellos que solicitaron ser reincorporados al Sistema Educativo y Traslado Definitivo Interjurisdiccional, a asistir al ofrecimiento de cargos vacantes, el Lunes, 6 de Febrero de 2023, a las 9 horas., en la sede la Junta, Tucum\u00e1n 75 &#8211; N -, Capital.<\/p>\n<p>Por consultas o mayor informaci\u00f3n, comunicarse de 8 a 13 horas al 4302206 o en Tucum\u00e1n 75 -N- Capital.<\/p>\n","protected":false},"excerpt":{"rendered":"<p>La Junta de Clasificaci\u00f3n Docente Rama Primaria del Ministerio de Educaci\u00f3n del Gobierno de San Juan, cita a los docentes<\/p>\n","protected":false},"author":3,"featured_media":5000,"comment_status":"closed","ping_status":"closed","sticky":false,"template":"","format":"standard","meta":{"_acf_changed":false,"_seopress_robots_primary_cat":"none","_seopress_titles_title":"","_seopress_titles_desc":"","_seopress_robots_index":"","colormag_page_container_layout":"default_layout","colormag_page_sidebar_layout":"default_layout","footnotes":""},"categories":[5],"tags":[],"class_list":["post-56281","post","type-post","status-publish","format-standard","has-post-thumbnail","hentry","category-ofrecimientos"],"acf":[],"_links":{"self":[{"href":"https:\/\/vocesparalelas.com.ar\/sitio\/wp-json\/wp\/v2\/posts\/56281","targetHints":{"allow":["GET"]}}],"collection":[{"href":"https:\/\/vocesparalelas.com.ar\/sitio\/wp-json\/wp\/v2\/posts"}],"about":[{"href":"https:\/\/vocesparalelas.com.ar\/sitio\/wp-json\/wp\/v2\/types\/post"}],"author":[{"embeddable":true,"href":"https:\/\/vocesparalelas.com.ar\/sitio\/wp-json\/wp\/v2\/users\/3"}],"replies":[{"embeddable":true,"href":"https:\/\/vocesparalelas.com.ar\/sitio\/wp-json\/wp\/v2\/comments?post=56281"}],"version-history":[{"count":1,"href":"https:\/\/vocesparalelas.com.ar\/sitio\/wp-json\/wp\/v2\/posts\/56281\/revisions"}],"predecessor-version":[{"id":56284,"href":"https:\/\/vocesparalelas.com.ar\/sitio\/wp-json\/wp\/v2\/posts\/56281\/revisions\/56284"}],"wp:featuredmedia":[{"embeddable":true,"href":"https:\/\/vocesparalelas.com.ar\/sitio\/wp-json\/wp\/v2\/media\/5000"}],"wp:attachment":[{"href":"https:\/\/vocesparalelas.com.ar\/sitio\/wp-json\/wp\/v2\/media?parent=56281"}],"wp:term":[{"taxonomy":"category","embeddable":true,"href":"https:\/\/vocesparalelas.com.ar\/sitio\/wp-json\/wp\/v2\/categories?post=56281"},{"taxonomy":"post_tag","embeddable":true,"href":"https:\/\/vocesparalelas.com.ar\/sitio\/wp-json\/wp\/v2\/tags?post=56281"}],"curies":[{"name":"wp","href":"https:\/\/api.w.org\/{rel}","templated":true}]}}