{"id":56277,"date":"2023-02-02T12:06:48","date_gmt":"2023-02-02T15:06:48","guid":{"rendered":"https:\/\/vocesparalelas.com.ar\/sitio\/?p=56277"},"modified":"2023-02-05T09:44:45","modified_gmt":"2023-02-05T12:44:45","slug":"cobertura-para-afiliados-estudiantes-de-osp-de-san-juan","status":"publish","type":"post","link":"https:\/\/vocesparalelas.com.ar\/sitio\/cobertura-para-afiliados-estudiantes-de-osp-de-san-juan\/","title":{"rendered":"Cobertura para afiliados estudiantes de OSP de San Juan"},"content":{"rendered":"<p>La\u00a0Obra Social Provincia del Ministerio de Salud P\u00fablica del Gobierno de San Juan recuerda a sus afiliados directos, que en su grupo familiar tengan hijos de entre 21 y hasta los 26 a\u00f1os\u00a0cursando estudios, que deben realizar el tr\u00e1mite de continuidad de cobertura por el \u00e1rea de Afiliaciones de OSP.<\/p>\n<p><span style=\"color: #ff0000;\"><strong>Requisitos<\/strong><\/span><\/p>\n<ol>\n<li>Ficha de Afiliaci\u00f3n con todo el grupo familiar, incluyendo la persona a incorporar, firmada por el Jefe de Personal de la repartici\u00f3n a la que pertenece.<\/li>\n<li>Declaraci\u00f3n Jurada de incorporaci\u00f3n afiliados indirectos.<\/li>\n<li>Certificado de estudios actualizado, original, en car\u00e1cter de alumno regular, bajo planes aprobados oficialmente en escuelas de ense\u00f1anza de nivel Medio, Superior o Universitario, debiendo acreditarse dicha situaci\u00f3n con la certificaci\u00f3n expedida por el establecimiento donde curse los estudios.<\/li>\n<li>Fotocopia del carnet y recibo de sueldo del afiliado titular.<\/li>\n<li>Fotocopia del documento de identidad del hijo estudiante.<\/li>\n<li>Devoluci\u00f3n del carnet vencido del hijo estudiante.<\/li>\n<li>Si la persona a incorporar no revisti\u00f3 con anterioridad afiliaci\u00f3n a D.O.S., deber\u00e1 adjuntar partida de nacimiento actualizada y legalizada.<\/li>\n<\/ol>\n<p>En\u00a0<a href=\"http:\/\/www.obrasocial.sanjuan.gob.ar\/dos\/Afiliaciones\/Requisitos-de-Afiliacion\">http:\/\/www.obrasocial.sanjuan.gob.ar\/dos\/Afiliaciones\/Requisitos-de-Afiliacion<\/a>\u00a0 puede descargar la ficha de afiliaci\u00f3n y la nota de incorporaci\u00f3n como afiliado directo, adem\u00e1s de los requisitos mencionados anteriormente.<\/p>\n<p>Una vez reunida la documentaci\u00f3n deben presentarla de manera presencial por el \u00e1rea de Afiliaciones de OSP, del primer piso de sede central, de Lunes a Viernes, de 7.30 a 13 hs.,\u00a0 para dar inicio al expediente correspondiente.<\/p>\n<p>Para evitar inconvenientes en la continuidad de la cobertura de Obra Social, estos requisitos\u00a0deben ser presentados como m\u00e1ximo 30 d\u00edas despu\u00e9s de cumplir 21 a\u00f1os\u00a0el afiliado estudiante.<\/p>\n<p>Cabe aclarar que durante los a\u00f1os posteriores en que sigas cursando, deber\u00e1s presentar anualmente el certificado de regularidad de estudios correspondiente para renovar la afiliaci\u00f3n, antes del 20 de Abril de cada a\u00f1o.<\/p>\n","protected":false},"excerpt":{"rendered":"<p>La\u00a0Obra Social Provincia del Ministerio de Salud P\u00fablica del Gobierno de San Juan recuerda a sus afiliados directos, que en<\/p>\n","protected":false},"author":3,"featured_media":10321,"comment_status":"closed","ping_status":"closed","sticky":false,"template":"","format":"standard","meta":{"_acf_changed":false,"_seopress_robots_primary_cat":"none","_seopress_titles_title":"","_seopress_titles_desc":"","_seopress_robots_index":"","colormag_page_container_layout":"default_layout","colormag_page_sidebar_layout":"default_layout","footnotes":""},"categories":[10],"tags":[],"class_list":["post-56277","post","type-post","status-publish","format-standard","has-post-thumbnail","hentry","category-opiniones"],"acf":[],"_links":{"self":[{"href":"https:\/\/vocesparalelas.com.ar\/sitio\/wp-json\/wp\/v2\/posts\/56277","targetHints":{"allow":["GET"]}}],"collection":[{"href":"https:\/\/vocesparalelas.com.ar\/sitio\/wp-json\/wp\/v2\/posts"}],"about":[{"href":"https:\/\/vocesparalelas.com.ar\/sitio\/wp-json\/wp\/v2\/types\/post"}],"author":[{"embeddable":true,"href":"https:\/\/vocesparalelas.com.ar\/sitio\/wp-json\/wp\/v2\/users\/3"}],"replies":[{"embeddable":true,"href":"https:\/\/vocesparalelas.com.ar\/sitio\/wp-json\/wp\/v2\/comments?post=56277"}],"version-history":[{"count":1,"href":"https:\/\/vocesparalelas.com.ar\/sitio\/wp-json\/wp\/v2\/posts\/56277\/revisions"}],"predecessor-version":[{"id":56280,"href":"https:\/\/vocesparalelas.com.ar\/sitio\/wp-json\/wp\/v2\/posts\/56277\/revisions\/56280"}],"wp:featuredmedia":[{"embeddable":true,"href":"https:\/\/vocesparalelas.com.ar\/sitio\/wp-json\/wp\/v2\/media\/10321"}],"wp:attachment":[{"href":"https:\/\/vocesparalelas.com.ar\/sitio\/wp-json\/wp\/v2\/media?parent=56277"}],"wp:term":[{"taxonomy":"category","embeddable":true,"href":"https:\/\/vocesparalelas.com.ar\/sitio\/wp-json\/wp\/v2\/categories?post=56277"},{"taxonomy":"post_tag","embeddable":true,"href":"https:\/\/vocesparalelas.com.ar\/sitio\/wp-json\/wp\/v2\/tags?post=56277"}],"curies":[{"name":"wp","href":"https:\/\/api.w.org\/{rel}","templated":true}]}}