{"id":56272,"date":"2023-02-01T23:15:28","date_gmt":"2023-02-02T02:15:28","guid":{"rendered":"https:\/\/vocesparalelas.com.ar\/sitio\/?p=56272"},"modified":"2023-02-02T00:55:06","modified_gmt":"2023-02-02T03:55:06","slug":"el-paseo-juan-b-justo-cumple-el-sueno-de-los-vecinos-de-rivadavia","status":"publish","type":"post","link":"https:\/\/vocesparalelas.com.ar\/sitio\/el-paseo-juan-b-justo-cumple-el-sueno-de-los-vecinos-de-rivadavia\/","title":{"rendered":"El Paseo Juan B. Justo cumple el sue\u00f1o de los vecinos de Rivadavia"},"content":{"rendered":"<p>La Municipalidad de Rivadavia trabaj\u00f3 para lograr a inaugurar el Paseo Juan B. Justo que permite cumplir el sue\u00f1o de los vecinos con mayor seguridad en el barrio, con luminaria que puso punto de atracci\u00f3n y belleza al espacio.<\/p>\n<p><img loading=\"lazy\" decoding=\"async\" class=\"alignnone size-full wp-image-56269\" src=\"https:\/\/vocesparalelas.com.ar\/sitio\/wp-content\/uploads\/2023\/02\/PASEO-JUAN-JUSTO-02.jpg\" alt=\"\" width=\"800\" height=\"533\" srcset=\"https:\/\/vocesparalelas.com.ar\/sitio\/wp-content\/uploads\/2023\/02\/PASEO-JUAN-JUSTO-02.jpg 800w, https:\/\/vocesparalelas.com.ar\/sitio\/wp-content\/uploads\/2023\/02\/PASEO-JUAN-JUSTO-02-300x200.jpg 300w, https:\/\/vocesparalelas.com.ar\/sitio\/wp-content\/uploads\/2023\/02\/PASEO-JUAN-JUSTO-02-768x512.jpg 768w\" sizes=\"auto, (max-width: 800px) 100vw, 800px\" \/><\/p>\n<p>El intendente de la Municipalidad de Rivadavia, Dr. Fabi\u00e1n Mart\u00edn describi\u00f3 el trabajo realizado y que contin\u00faan en el 2023 con m\u00e1s obras en beneficio de los vecinos que cada vez solicitan. Adem\u00e1s, habl\u00f3 de las elecciones 2023 que se desarrollan en San Juan el 14 de Mayo.<\/p>\n<p><iframe loading=\"lazy\" title=\"DR FABI\u00c1N MART\u00cdN\" width=\"800\" height=\"450\" src=\"https:\/\/www.youtube.com\/embed\/omdD9-g48pM?feature=oembed\" frameborder=\"0\" allow=\"accelerometer; autoplay; clipboard-write; encrypted-media; gyroscope; picture-in-picture; web-share\" allowfullscreen><\/iframe><\/p>\n<p>Al momento de inauguraci\u00f3n, autoridades municipales y vecinos realizaron el corte tradicional de cinta para dejar habilitado el Paseo Juan B. Justo, quienes recorrieron el mismo felices del progreso.<\/p>\n<p><img loading=\"lazy\" decoding=\"async\" class=\"alignnone size-full wp-image-56270\" src=\"https:\/\/vocesparalelas.com.ar\/sitio\/wp-content\/uploads\/2023\/02\/PASEO-JUAN-JUSTO-03.jpg\" alt=\"\" width=\"800\" height=\"533\" srcset=\"https:\/\/vocesparalelas.com.ar\/sitio\/wp-content\/uploads\/2023\/02\/PASEO-JUAN-JUSTO-03.jpg 800w, https:\/\/vocesparalelas.com.ar\/sitio\/wp-content\/uploads\/2023\/02\/PASEO-JUAN-JUSTO-03-300x200.jpg 300w, https:\/\/vocesparalelas.com.ar\/sitio\/wp-content\/uploads\/2023\/02\/PASEO-JUAN-JUSTO-03-768x512.jpg 768w\" sizes=\"auto, (max-width: 800px) 100vw, 800px\" \/><\/p>\n<p>De esta manera, se convierte en un punto de encuentro seguro para los peatones y vecinos, que felices aplaudieron la gesti\u00f3n del Dr. Fabi\u00e1n Mart\u00edn.<\/p>\n<p><img loading=\"lazy\" decoding=\"async\" class=\"alignnone size-full wp-image-56275\" src=\"https:\/\/vocesparalelas.com.ar\/sitio\/wp-content\/uploads\/2023\/02\/PASEO-JUAN-JUSTO-04.jpg\" alt=\"\" width=\"800\" height=\"600\" srcset=\"https:\/\/vocesparalelas.com.ar\/sitio\/wp-content\/uploads\/2023\/02\/PASEO-JUAN-JUSTO-04.jpg 800w, https:\/\/vocesparalelas.com.ar\/sitio\/wp-content\/uploads\/2023\/02\/PASEO-JUAN-JUSTO-04-300x225.jpg 300w, https:\/\/vocesparalelas.com.ar\/sitio\/wp-content\/uploads\/2023\/02\/PASEO-JUAN-JUSTO-04-768x576.jpg 768w\" sizes=\"auto, (max-width: 800px) 100vw, 800px\" \/><\/p>\n<p>&nbsp;<\/p>\n","protected":false},"excerpt":{"rendered":"<p>La Municipalidad de Rivadavia trabaj\u00f3 para lograr a inaugurar el Paseo Juan B. Justo que permite cumplir el sue\u00f1o de<\/p>\n","protected":false},"author":3,"featured_media":56269,"comment_status":"closed","ping_status":"closed","sticky":false,"template":"","format":"video","meta":{"_acf_changed":false,"_seopress_robots_primary_cat":"none","_seopress_titles_title":"","_seopress_titles_desc":"","_seopress_robots_index":"","colormag_page_container_layout":"default_layout","colormag_page_sidebar_layout":"default_layout","footnotes":""},"categories":[1,7],"tags":[],"class_list":["post-56272","post","type-post","status-publish","format-video","has-post-thumbnail","hentry","category-destacadas","category-videos","post_format-post-format-video"],"acf":[],"_links":{"self":[{"href":"https:\/\/vocesparalelas.com.ar\/sitio\/wp-json\/wp\/v2\/posts\/56272","targetHints":{"allow":["GET"]}}],"collection":[{"href":"https:\/\/vocesparalelas.com.ar\/sitio\/wp-json\/wp\/v2\/posts"}],"about":[{"href":"https:\/\/vocesparalelas.com.ar\/sitio\/wp-json\/wp\/v2\/types\/post"}],"author":[{"embeddable":true,"href":"https:\/\/vocesparalelas.com.ar\/sitio\/wp-json\/wp\/v2\/users\/3"}],"replies":[{"embeddable":true,"href":"https:\/\/vocesparalelas.com.ar\/sitio\/wp-json\/wp\/v2\/comments?post=56272"}],"version-history":[{"count":1,"href":"https:\/\/vocesparalelas.com.ar\/sitio\/wp-json\/wp\/v2\/posts\/56272\/revisions"}],"predecessor-version":[{"id":56276,"href":"https:\/\/vocesparalelas.com.ar\/sitio\/wp-json\/wp\/v2\/posts\/56272\/revisions\/56276"}],"wp:featuredmedia":[{"embeddable":true,"href":"https:\/\/vocesparalelas.com.ar\/sitio\/wp-json\/wp\/v2\/media\/56269"}],"wp:attachment":[{"href":"https:\/\/vocesparalelas.com.ar\/sitio\/wp-json\/wp\/v2\/media?parent=56272"}],"wp:term":[{"taxonomy":"category","embeddable":true,"href":"https:\/\/vocesparalelas.com.ar\/sitio\/wp-json\/wp\/v2\/categories?post=56272"},{"taxonomy":"post_tag","embeddable":true,"href":"https:\/\/vocesparalelas.com.ar\/sitio\/wp-json\/wp\/v2\/tags?post=56272"}],"curies":[{"name":"wp","href":"https:\/\/api.w.org\/{rel}","templated":true}]}}