{"id":56262,"date":"2023-02-01T21:11:58","date_gmt":"2023-02-02T00:11:58","guid":{"rendered":"https:\/\/vocesparalelas.com.ar\/sitio\/?p=56262"},"modified":"2023-02-05T09:46:01","modified_gmt":"2023-02-05T12:46:01","slug":"gioja-vuelve-como-candidato-a-gobernador-de-san-juan-2023","status":"publish","type":"post","link":"https:\/\/vocesparalelas.com.ar\/sitio\/gioja-vuelve-como-candidato-a-gobernador-de-san-juan-2023\/","title":{"rendered":"\u00abGioja Vuelve\u00bb como candidato a Gobernador de San Juan 2023"},"content":{"rendered":"<p>En la sede central de Lealtad Justicialista, Gral. Acha 142 &#8211; N &#8211; Capital se desarroll\u00f3 el acto del lanzamiento del Ing. Jos\u00e9 Luis Gioja bajo el lema \u00abGioja Vuelve\u00bb como candidato a Gobernador de San Juan 2023. Es importante recordar que el 14 de Mayo de 2023 se desarrollan las elecciones en San Juan.<\/p>\n<p>&nbsp;<\/p>\n<p><img loading=\"lazy\" decoding=\"async\" class=\"alignnone size-full wp-image-56267\" src=\"https:\/\/vocesparalelas.com.ar\/sitio\/wp-content\/uploads\/2023\/02\/GIOJA-VUELVE-03.jpg\" alt=\"\" width=\"800\" height=\"533\" srcset=\"https:\/\/vocesparalelas.com.ar\/sitio\/wp-content\/uploads\/2023\/02\/GIOJA-VUELVE-03.jpg 800w, https:\/\/vocesparalelas.com.ar\/sitio\/wp-content\/uploads\/2023\/02\/GIOJA-VUELVE-03-300x200.jpg 300w, https:\/\/vocesparalelas.com.ar\/sitio\/wp-content\/uploads\/2023\/02\/GIOJA-VUELVE-03-768x512.jpg 768w\" sizes=\"auto, (max-width: 800px) 100vw, 800px\" \/><\/p>\n<p><img loading=\"lazy\" decoding=\"async\" class=\"alignnone size-full wp-image-56265\" src=\"https:\/\/vocesparalelas.com.ar\/sitio\/wp-content\/uploads\/2023\/02\/GIOJA-VUELVE-01.jpg\" alt=\"\" width=\"800\" height=\"533\" srcset=\"https:\/\/vocesparalelas.com.ar\/sitio\/wp-content\/uploads\/2023\/02\/GIOJA-VUELVE-01.jpg 800w, https:\/\/vocesparalelas.com.ar\/sitio\/wp-content\/uploads\/2023\/02\/GIOJA-VUELVE-01-300x200.jpg 300w, https:\/\/vocesparalelas.com.ar\/sitio\/wp-content\/uploads\/2023\/02\/GIOJA-VUELVE-01-768x512.jpg 768w\" sizes=\"auto, (max-width: 800px) 100vw, 800px\" \/><\/p>\n<p>El acto comenz\u00f3 con el saludo de los presentes a la llegada del Ing. Jos\u00e9 Luis Gioja a la sede, por los presentes y acompa\u00f1ado por sus hermanos Cesar y Juan Carlos Gioja. Es importante destacar que actualmente es Diputado Nacional por San Juan.<\/p>\n<p>Posteriormente, el Ing. Jos\u00e9 Luis Gioja dirigi\u00f3 un homenaje a su hermano Dr. Ricardo Gioja, quien falleci\u00f3 recientemente.<\/p>\n<p><iframe loading=\"lazy\" title=\"GIOJA VUELVE\" width=\"800\" height=\"450\" src=\"https:\/\/www.youtube.com\/embed\/WOQo3fzvkYw?feature=oembed\" frameborder=\"0\" allow=\"accelerometer; autoplay; clipboard-write; encrypted-media; gyroscope; picture-in-picture; web-share\" allowfullscreen><\/iframe><\/p>\n<p>Seguidamente, se refiri\u00f3 la necesidad de volver a dirigir los destinos de San Juan.<\/p>\n<p><iframe loading=\"lazy\" title=\"GIOJA VUELVE\" width=\"800\" height=\"450\" src=\"https:\/\/www.youtube.com\/embed\/5MZI-KQW-G8?feature=oembed\" frameborder=\"0\" allow=\"accelerometer; autoplay; clipboard-write; encrypted-media; gyroscope; picture-in-picture; web-share\" allowfullscreen><\/iframe><\/p>\n<p>Posteriormente, reafirm\u00f3 el compromiso de trabajar por San Juan<\/p>\n<p><iframe loading=\"lazy\" title=\"GIOJA VUELVE\" width=\"800\" height=\"450\" src=\"https:\/\/www.youtube.com\/embed\/cDbU3UGRbmc?feature=oembed\" frameborder=\"0\" allow=\"accelerometer; autoplay; clipboard-write; encrypted-media; gyroscope; picture-in-picture; web-share\" allowfullscreen><\/iframe><\/p>\n<p>A continuaci\u00f3n, describi\u00f3 lo que no se va a permitir para reforzar el destino de San Juan.<\/p>\n<p><iframe loading=\"lazy\" title=\"GIOJA VUELVE\" width=\"800\" height=\"450\" src=\"https:\/\/www.youtube.com\/embed\/E_u7GrE9Ofo?feature=oembed\" frameborder=\"0\" allow=\"accelerometer; autoplay; clipboard-write; encrypted-media; gyroscope; picture-in-picture; web-share\" allowfullscreen><\/iframe><\/p>\n<p>Remarc\u00f3 que debemos gobernar para Todos para seguir adelante<\/p>\n<p><iframe loading=\"lazy\" title=\"GIOJA VUELVE\" width=\"800\" height=\"450\" src=\"https:\/\/www.youtube.com\/embed\/Thi_7nMCc8g?feature=oembed\" frameborder=\"0\" allow=\"accelerometer; autoplay; clipboard-write; encrypted-media; gyroscope; picture-in-picture; web-share\" allowfullscreen><\/iframe><\/p>\n<p>Puntualiz\u00f3 que San Juan le ha permitido gobernar y porque es la provincia m\u00e1s rica.<\/p>\n<p><iframe loading=\"lazy\" title=\"GIOJA VUELVE\" width=\"800\" height=\"450\" src=\"https:\/\/www.youtube.com\/embed\/cDbU3UGRbmc?feature=oembed\" frameborder=\"0\" allow=\"accelerometer; autoplay; clipboard-write; encrypted-media; gyroscope; picture-in-picture; web-share\" allowfullscreen><\/iframe><\/p>\n<p>Cerr\u00f3 \u00abvamos a gobernar para todos porque vamos a volver para marcar historia en San Juan\u00bb<\/p>\n<p><iframe loading=\"lazy\" title=\"GIOJA VUELVE\" width=\"800\" height=\"450\" src=\"https:\/\/www.youtube.com\/embed\/VijWTSzx-Nw?feature=oembed\" frameborder=\"0\" allow=\"accelerometer; autoplay; clipboard-write; encrypted-media; gyroscope; picture-in-picture; web-share\" allowfullscreen><\/iframe><\/p>\n<p>De esta manera, el Ing. Jos\u00e9 Luis Gioja anunci\u00f3 su vuelta al gran desaf\u00edo de ser candidato a Gobernador de San Juan para las elecciones del 14 de Mayo de 2023.<\/p>\n","protected":false},"excerpt":{"rendered":"<p>En la sede central de Lealtad Justicialista, Gral. Acha 142 &#8211; N &#8211; Capital se desarroll\u00f3 el acto del lanzamiento<\/p>\n","protected":false},"author":3,"featured_media":56266,"comment_status":"closed","ping_status":"closed","sticky":false,"template":"","format":"video","meta":{"_acf_changed":false,"_seopress_robots_primary_cat":"none","_seopress_titles_title":"","_seopress_titles_desc":"","_seopress_robots_index":"","colormag_page_container_layout":"default_layout","colormag_page_sidebar_layout":"default_layout","footnotes":""},"categories":[10,7],"tags":[],"class_list":["post-56262","post","type-post","status-publish","format-video","has-post-thumbnail","hentry","category-opiniones","category-videos","post_format-post-format-video"],"acf":[],"_links":{"self":[{"href":"https:\/\/vocesparalelas.com.ar\/sitio\/wp-json\/wp\/v2\/posts\/56262","targetHints":{"allow":["GET"]}}],"collection":[{"href":"https:\/\/vocesparalelas.com.ar\/sitio\/wp-json\/wp\/v2\/posts"}],"about":[{"href":"https:\/\/vocesparalelas.com.ar\/sitio\/wp-json\/wp\/v2\/types\/post"}],"author":[{"embeddable":true,"href":"https:\/\/vocesparalelas.com.ar\/sitio\/wp-json\/wp\/v2\/users\/3"}],"replies":[{"embeddable":true,"href":"https:\/\/vocesparalelas.com.ar\/sitio\/wp-json\/wp\/v2\/comments?post=56262"}],"version-history":[{"count":1,"href":"https:\/\/vocesparalelas.com.ar\/sitio\/wp-json\/wp\/v2\/posts\/56262\/revisions"}],"predecessor-version":[{"id":56271,"href":"https:\/\/vocesparalelas.com.ar\/sitio\/wp-json\/wp\/v2\/posts\/56262\/revisions\/56271"}],"wp:featuredmedia":[{"embeddable":true,"href":"https:\/\/vocesparalelas.com.ar\/sitio\/wp-json\/wp\/v2\/media\/56266"}],"wp:attachment":[{"href":"https:\/\/vocesparalelas.com.ar\/sitio\/wp-json\/wp\/v2\/media?parent=56262"}],"wp:term":[{"taxonomy":"category","embeddable":true,"href":"https:\/\/vocesparalelas.com.ar\/sitio\/wp-json\/wp\/v2\/categories?post=56262"},{"taxonomy":"post_tag","embeddable":true,"href":"https:\/\/vocesparalelas.com.ar\/sitio\/wp-json\/wp\/v2\/tags?post=56262"}],"curies":[{"name":"wp","href":"https:\/\/api.w.org\/{rel}","templated":true}]}}