{"id":56257,"date":"2023-02-01T22:17:37","date_gmt":"2023-02-02T01:17:37","guid":{"rendered":"https:\/\/vocesparalelas.com.ar\/sitio\/?p=56257"},"modified":"2023-02-02T01:03:01","modified_gmt":"2023-02-02T04:03:01","slug":"designaron-director-de-proteccion-civil-de-san-juan-a-carlos-heredia","status":"publish","type":"post","link":"https:\/\/vocesparalelas.com.ar\/sitio\/designaron-director-de-proteccion-civil-de-san-juan-a-carlos-heredia\/","title":{"rendered":"Designaron director de Protecci\u00f3n Civil de San Juan a Carlos Heredia"},"content":{"rendered":"<p>La Secretar\u00eda de Estado de Seguridad y Orden P\u00fablico del Gobierno de San Juan informa que, a partir del 1 de febrero de 2023,\u00a0 el exjefe de Bomberos de la Polic\u00eda de San Juan, Carlos Heredia est\u00e1 a cargo de la Direcci\u00f3n de Protecci\u00f3n Civil.<\/p>\n<p>El motivo de la designaci\u00f3n es porque Francisco Suraci, quien ocup\u00f3 el cargo de Director de Protecci\u00f3n Civil pas\u00f3 a retiro tras 30 a\u00f1os de servicio en la fuerza de seguridad, el 30 de Diciembre de 2022.<\/p>\n<p>Por ello, la experiencia y capacidad de Carlos Heredia es volcada en la Direcci\u00f3n de Protecci\u00f3n Civil que, como parte indispensable del sistema de seguridad de la provincia, brinda respuesta ante los distintos tipos de emergencias y cat\u00e1strofes.<\/p>\n<p>&nbsp;<\/p>\n","protected":false},"excerpt":{"rendered":"<p>La Secretar\u00eda de Estado de Seguridad y Orden P\u00fablico del Gobierno de San Juan informa que, a partir del 1<\/p>\n","protected":false},"author":3,"featured_media":56260,"comment_status":"closed","ping_status":"closed","sticky":false,"template":"","format":"standard","meta":{"_acf_changed":false,"_seopress_robots_primary_cat":"none","_seopress_titles_title":"","_seopress_titles_desc":"","_seopress_robots_index":"","colormag_page_container_layout":"default_layout","colormag_page_sidebar_layout":"default_layout","footnotes":""},"categories":[1],"tags":[],"class_list":["post-56257","post","type-post","status-publish","format-standard","has-post-thumbnail","hentry","category-destacadas"],"acf":[],"_links":{"self":[{"href":"https:\/\/vocesparalelas.com.ar\/sitio\/wp-json\/wp\/v2\/posts\/56257","targetHints":{"allow":["GET"]}}],"collection":[{"href":"https:\/\/vocesparalelas.com.ar\/sitio\/wp-json\/wp\/v2\/posts"}],"about":[{"href":"https:\/\/vocesparalelas.com.ar\/sitio\/wp-json\/wp\/v2\/types\/post"}],"author":[{"embeddable":true,"href":"https:\/\/vocesparalelas.com.ar\/sitio\/wp-json\/wp\/v2\/users\/3"}],"replies":[{"embeddable":true,"href":"https:\/\/vocesparalelas.com.ar\/sitio\/wp-json\/wp\/v2\/comments?post=56257"}],"version-history":[{"count":1,"href":"https:\/\/vocesparalelas.com.ar\/sitio\/wp-json\/wp\/v2\/posts\/56257\/revisions"}],"predecessor-version":[{"id":56261,"href":"https:\/\/vocesparalelas.com.ar\/sitio\/wp-json\/wp\/v2\/posts\/56257\/revisions\/56261"}],"wp:featuredmedia":[{"embeddable":true,"href":"https:\/\/vocesparalelas.com.ar\/sitio\/wp-json\/wp\/v2\/media\/56260"}],"wp:attachment":[{"href":"https:\/\/vocesparalelas.com.ar\/sitio\/wp-json\/wp\/v2\/media?parent=56257"}],"wp:term":[{"taxonomy":"category","embeddable":true,"href":"https:\/\/vocesparalelas.com.ar\/sitio\/wp-json\/wp\/v2\/categories?post=56257"},{"taxonomy":"post_tag","embeddable":true,"href":"https:\/\/vocesparalelas.com.ar\/sitio\/wp-json\/wp\/v2\/tags?post=56257"}],"curies":[{"name":"wp","href":"https:\/\/api.w.org\/{rel}","templated":true}]}}