{"id":56253,"date":"2023-02-01T18:37:53","date_gmt":"2023-02-01T21:37:53","guid":{"rendered":"https:\/\/vocesparalelas.com.ar\/sitio\/?p=56253"},"modified":"2023-02-01T18:37:53","modified_gmt":"2023-02-01T21:37:53","slug":"medalla-de-plata-para-el-teatro-del-bicentenario-de-san-juan-en-el-premio-nacional-a-la-calidad","status":"publish","type":"post","link":"https:\/\/vocesparalelas.com.ar\/sitio\/medalla-de-plata-para-el-teatro-del-bicentenario-de-san-juan-en-el-premio-nacional-a-la-calidad\/","title":{"rendered":"Medalla de Plata para el Teatro del Bicentenario de San Juan en el Premio Nacional a la Calidad"},"content":{"rendered":"<p>El Teatro del Bicentenario, dependiente del Ministerio de Turismo y Cultura de la provincia, fue galardonado con Medalla de Plata en la 29\u00ba edici\u00f3n del Premio a la Calidad en la Gesti\u00f3n P\u00fablica, que otorga el Gobierno Nacional, a trav\u00e9s de la Secretar\u00eda de Gesti\u00f3n y Empleo P\u00fablico.<\/p>\n<p>Es la segunda vez que el TB es ternado para aspirar a este reconocimiento nacional, ya que en 2021 obtuvo Medalla de Bronce. Tras ser evaluado su funcionamiento durante el periodo 2022, consigui\u00f3 un puntaje mayor, pudiendo recibir la segunda presea.<\/p>\n<p>Esta distinci\u00f3n, contenida en la Resoluci\u00f3n 9\/2023, publicada en el Bolet\u00edn Oficial el 23 de Enero de 2023. Es un reconocimiento al arduo trabajo del TB en sostener un modelo de gesti\u00f3n basado en el planeamiento, liderazgo del organismo, enfoque en el inter\u00e9s general de la ciudadan\u00eda, procesos y gesti\u00f3n de las personas.<\/p>\n<p>De este Premio a la Calidad en la Gesti\u00f3n P\u00fablica participan organismos p\u00fablicos de todo el pa\u00eds. San Juan tiene el orgullo de aportar la \u00fanica repartici\u00f3n cultural de la lista premiada este a\u00f1o. De este modo,\u00a0el Teatro del Bicentenario es nuevamente el \u00fanico teatro en el pa\u00eds en ser destacado.<\/p>\n<p>Por \u00faltimo, cabe aclarar que la junta evaluadora decidi\u00f3 declarar como desierta la distinci\u00f3n mayor: el Premio Nacional a la Calidad.<\/p>\n<p>Desde siempre, el Teatro del Bicentenario ha buscado los m\u00e1s altos est\u00e1ndares de calidad en el funcionamiento, por lo que adem\u00e1s ha conseguido la certificaci\u00f3n ISO 9001 &#8211; 2015 del Grupo T\u00dcV Rheinland, la organizaci\u00f3n de mayor prestigio mundial en la acreditaci\u00f3n de calidad.<\/p>\n","protected":false},"excerpt":{"rendered":"<p>El Teatro del Bicentenario, dependiente del Ministerio de Turismo y Cultura de la provincia, fue galardonado con Medalla de Plata<\/p>\n","protected":false},"author":3,"featured_media":24321,"comment_status":"closed","ping_status":"closed","sticky":false,"template":"","format":"standard","meta":{"_acf_changed":false,"_seopress_robots_primary_cat":"none","_seopress_titles_title":"","_seopress_titles_desc":"","_seopress_robots_index":"","colormag_page_container_layout":"default_layout","colormag_page_sidebar_layout":"default_layout","footnotes":""},"categories":[1],"tags":[],"class_list":["post-56253","post","type-post","status-publish","format-standard","has-post-thumbnail","hentry","category-destacadas"],"acf":[],"_links":{"self":[{"href":"https:\/\/vocesparalelas.com.ar\/sitio\/wp-json\/wp\/v2\/posts\/56253","targetHints":{"allow":["GET"]}}],"collection":[{"href":"https:\/\/vocesparalelas.com.ar\/sitio\/wp-json\/wp\/v2\/posts"}],"about":[{"href":"https:\/\/vocesparalelas.com.ar\/sitio\/wp-json\/wp\/v2\/types\/post"}],"author":[{"embeddable":true,"href":"https:\/\/vocesparalelas.com.ar\/sitio\/wp-json\/wp\/v2\/users\/3"}],"replies":[{"embeddable":true,"href":"https:\/\/vocesparalelas.com.ar\/sitio\/wp-json\/wp\/v2\/comments?post=56253"}],"version-history":[{"count":1,"href":"https:\/\/vocesparalelas.com.ar\/sitio\/wp-json\/wp\/v2\/posts\/56253\/revisions"}],"predecessor-version":[{"id":56256,"href":"https:\/\/vocesparalelas.com.ar\/sitio\/wp-json\/wp\/v2\/posts\/56253\/revisions\/56256"}],"wp:featuredmedia":[{"embeddable":true,"href":"https:\/\/vocesparalelas.com.ar\/sitio\/wp-json\/wp\/v2\/media\/24321"}],"wp:attachment":[{"href":"https:\/\/vocesparalelas.com.ar\/sitio\/wp-json\/wp\/v2\/media?parent=56253"}],"wp:term":[{"taxonomy":"category","embeddable":true,"href":"https:\/\/vocesparalelas.com.ar\/sitio\/wp-json\/wp\/v2\/categories?post=56253"},{"taxonomy":"post_tag","embeddable":true,"href":"https:\/\/vocesparalelas.com.ar\/sitio\/wp-json\/wp\/v2\/tags?post=56253"}],"curies":[{"name":"wp","href":"https:\/\/api.w.org\/{rel}","templated":true}]}}