{"id":56248,"date":"2023-02-01T18:34:13","date_gmt":"2023-02-01T21:34:13","guid":{"rendered":"https:\/\/vocesparalelas.com.ar\/sitio\/?p=56248"},"modified":"2023-02-01T18:34:13","modified_gmt":"2023-02-01T21:34:13","slug":"firma-de-convenio-para-el-programa-agro-xxi-para-fortalecer-el-sector-en-san-juan","status":"publish","type":"post","link":"https:\/\/vocesparalelas.com.ar\/sitio\/firma-de-convenio-para-el-programa-agro-xxi-para-fortalecer-el-sector-en-san-juan\/","title":{"rendered":"Firma de convenio para el programa AGRO XXI para fortalecer el sector en San Juan"},"content":{"rendered":"<p>El gobernador de San Juan, Dr. Sergio U\u00f1ac, firm\u00f3 en Buenos Aires con el ministro de Econom\u00eda de la Naci\u00f3n, Dr. Sergio Massa, un acuerdo que beneficia a empresas y productores agropecuarios de San Juan, en el marco del programa AGRO XXI, que contempla un primer aporte de USD 1.628.000.<\/p>\n<p>La iniciativa, cuenta con financiamiento del Banco Mundial y tiene como objetivo apuntalar el desarrollo del sistema agroalimentario sanjuanino integrado por productores, mipymes y organizaciones.<\/p>\n<p>El primer mandatario provincial consider\u00f3 que el acuerdo \u00abfortalecer\u00e1 la generaci\u00f3n de oportunidades y empleo para las econom\u00edas regionales. Este beneficio de m\u00e1s de USD 1,6 millones permitir\u00e1 aumentar la productividad y competitividad en la provincia\u00bb.<\/p>\n<p>Por su parte, el ministro Massa adelant\u00f3 que \u201cen la segunda etapa de AGRO XXI la Provincia podr\u00e1 acceder hasta la suma de 15 millones de d\u00f3lares de financiamiento\u00bb, los cuales ser\u00e1n destinados a \u00abobras de infraestructura en caminos rurales, electrificaci\u00f3n rural y sobre todo mejoramiento de los sistemas de riego, para mejorar la productividad y competitividad de la econom\u00eda sanjuanina\u201d.<\/p>\n<p>Estas obras impactar\u00e1n positivamente, facilitando el acceso al mercado y su desarrollo, promoviendo la innovaci\u00f3n agr\u00edcola y asimismo reduciendo la vulnerabilidad de los habitantes de las zonas rurales.<\/p>\n<p>Adem\u00e1s se promueve la incorporaci\u00f3n de pr\u00e1cticas inteligentes desde el punto de vista clim\u00e1tico, aportando un enfoque de desarrollo m\u00e1s sostenible y a largo plazo.<\/p>\n","protected":false},"excerpt":{"rendered":"<p>El gobernador de San Juan, Dr. Sergio U\u00f1ac, firm\u00f3 en Buenos Aires con el ministro de Econom\u00eda de la Naci\u00f3n,<\/p>\n","protected":false},"author":3,"featured_media":56251,"comment_status":"closed","ping_status":"closed","sticky":false,"template":"","format":"standard","meta":{"_acf_changed":false,"_seopress_robots_primary_cat":"none","_seopress_titles_title":"","_seopress_titles_desc":"","_seopress_robots_index":"","colormag_page_container_layout":"default_layout","colormag_page_sidebar_layout":"default_layout","footnotes":""},"categories":[1],"tags":[],"class_list":["post-56248","post","type-post","status-publish","format-standard","has-post-thumbnail","hentry","category-destacadas"],"acf":[],"_links":{"self":[{"href":"https:\/\/vocesparalelas.com.ar\/sitio\/wp-json\/wp\/v2\/posts\/56248","targetHints":{"allow":["GET"]}}],"collection":[{"href":"https:\/\/vocesparalelas.com.ar\/sitio\/wp-json\/wp\/v2\/posts"}],"about":[{"href":"https:\/\/vocesparalelas.com.ar\/sitio\/wp-json\/wp\/v2\/types\/post"}],"author":[{"embeddable":true,"href":"https:\/\/vocesparalelas.com.ar\/sitio\/wp-json\/wp\/v2\/users\/3"}],"replies":[{"embeddable":true,"href":"https:\/\/vocesparalelas.com.ar\/sitio\/wp-json\/wp\/v2\/comments?post=56248"}],"version-history":[{"count":1,"href":"https:\/\/vocesparalelas.com.ar\/sitio\/wp-json\/wp\/v2\/posts\/56248\/revisions"}],"predecessor-version":[{"id":56252,"href":"https:\/\/vocesparalelas.com.ar\/sitio\/wp-json\/wp\/v2\/posts\/56248\/revisions\/56252"}],"wp:featuredmedia":[{"embeddable":true,"href":"https:\/\/vocesparalelas.com.ar\/sitio\/wp-json\/wp\/v2\/media\/56251"}],"wp:attachment":[{"href":"https:\/\/vocesparalelas.com.ar\/sitio\/wp-json\/wp\/v2\/media?parent=56248"}],"wp:term":[{"taxonomy":"category","embeddable":true,"href":"https:\/\/vocesparalelas.com.ar\/sitio\/wp-json\/wp\/v2\/categories?post=56248"},{"taxonomy":"post_tag","embeddable":true,"href":"https:\/\/vocesparalelas.com.ar\/sitio\/wp-json\/wp\/v2\/tags?post=56248"}],"curies":[{"name":"wp","href":"https:\/\/api.w.org\/{rel}","templated":true}]}}